{"id":156,"date":"2024-09-05T11:20:00","date_gmt":"2024-09-05T14:20:00","guid":{"rendered":"https:\/\/www.dexpo.com.br\/blog\/?p=156"},"modified":"2024-09-06T00:10:06","modified_gmt":"2024-09-06T03:10:06","slug":"stands-pantograficos-curvos-a-solucao-ideal-para-eventos-de-sucesso","status":"publish","type":"post","link":"https:\/\/www.dexpo.com.br\/blog\/stands-pantograficos-curvos-a-solucao-ideal-para-eventos-de-sucesso\/","title":{"rendered":"Stands pantogr\u00e1ficos curvos: a solu\u00e7\u00e3o ideal para eventos de sucesso"},"content":{"rendered":"<span class=\"span-reading-time rt-reading-time\" style=\"display: block;\"><span class=\"rt-label rt-prefix\">Tempo de leitura:<\/span> <span class=\"rt-time\"> 4<\/span> <span class=\"rt-label rt-postfix\">minutos<\/span><\/span>\n<p class=\"has-medium-font-size wp-block-paragraph\"><strong><em>Descubra como os stands pantogr\u00e1ficos curvos s\u00e3o flex\u00edveis, impactantes e f\u00e1ceis de montar, e destaque sua marca em feiras e exposi\u00e7\u00f5es.<\/em><\/strong><\/p>\n\n\n\n<p class=\"wp-block-paragraph\">Em um cen\u00e1rio onde a <strong>primeira impress\u00e3o<\/strong> \u00e9 decisiva, os <strong>stands pantogr\u00e1ficos curvos<\/strong> se apresentam como uma solu\u00e7\u00e3o eficiente para empresas que participam de eventos, feiras e exposi\u00e7\u00f5es. <\/p>\n\n\n\n<p class=\"wp-block-paragraph\">Com seu design inovador e elegante, eles oferecem <strong>versatilidade<\/strong> e funcionalidade, destacando marcas de forma impactante.<\/p>\n\n\n\n<p class=\"wp-block-paragraph\">Esses stands se tornaram indispens\u00e1veis para neg\u00f3cios que buscam <strong>maximizar sua presen\u00e7a<\/strong> e <strong>captar a aten\u00e7\u00e3o<\/strong> do p\u00fablico em eventos. <\/p>\n\n\n\n<p class=\"wp-block-paragraph\">O formato curvo, associado \u00e0 facilidade de montagem e desmontagem, proporciona uma experi\u00eancia de uso superior, otimizando o tempo e os resultados de quem os utiliza.<\/p>\n\n\n\n<ul class=\"wp-block-list\">\n<li><a href=\"https:\/\/www.dexpo.com.br\/blog\/display-portatil-como-usar-e-por-que-investir-em-um\/\">Display port\u00e1til: como usar e por que investir em um?<\/a><\/li>\n<\/ul>\n\n\n\n<div id=\"ez-toc-container\" class=\"ez-toc-v2_0_75 counter-hierarchy ez-toc-counter ez-toc-grey ez-toc-container-direction\">\n<div class=\"ez-toc-title-container\">\n<p class=\"ez-toc-title\" style=\"cursor:inherit\">Sum\u00e1rio<\/p>\n<span class=\"ez-toc-title-toggle\"><a href=\"#\" class=\"ez-toc-pull-right ez-toc-btn ez-toc-btn-xs ez-toc-btn-default ez-toc-toggle\" aria-label=\"Alternar tabela de conte\u00fado\"><span class=\"ez-toc-js-icon-con\"><span class=\"\"><span class=\"eztoc-hide\" style=\"display:none;\">Toggle<\/span><span class=\"ez-toc-icon-toggle-span\"><svg style=\"fill: #999;color:#999\" xmlns=\"http:\/\/www.w3.org\/2000\/svg\" class=\"list-377408\" width=\"20px\" height=\"20px\" viewBox=\"0 0 24 24\" fill=\"none\"><path d=\"M6 6H4v2h2V6zm14 0H8v2h12V6zM4 11h2v2H4v-2zm16 0H8v2h12v-2zM4 16h2v2H4v-2zm16 0H8v2h12v-2z\" fill=\"currentColor\"><\/path><\/svg><svg style=\"fill: #999;color:#999\" class=\"arrow-unsorted-368013\" xmlns=\"http:\/\/www.w3.org\/2000\/svg\" width=\"10px\" height=\"10px\" viewBox=\"0 0 24 24\" version=\"1.2\" baseProfile=\"tiny\"><path d=\"M18.2 9.3l-6.2-6.3-6.2 6.3c-.2.2-.3.4-.3.7s.1.5.3.7c.2.2.4.3.7.3h11c.3 0 .5-.1.7-.3.2-.2.3-.5.3-.7s-.1-.5-.3-.7zM5.8 14.7l6.2 6.3 6.2-6.3c.2-.2.3-.5.3-.7s-.1-.5-.3-.7c-.2-.2-.4-.3-.7-.3h-11c-.3 0-.5.1-.7.3-.2.2-.3.5-.3.7s.1.5.3.7z\"\/><\/svg><\/span><\/span><\/span><\/a><\/span><\/div>\n<nav><ul class='ez-toc-list ez-toc-list-level-1 ' ><li class='ez-toc-page-1 ez-toc-heading-level-2'><a class=\"ez-toc-link ez-toc-heading-1\" href=\"https:\/\/www.dexpo.com.br\/blog\/stands-pantograficos-curvos-a-solucao-ideal-para-eventos-de-sucesso\/#O_design_inovador_dos_stands_pantograficos_curvos\" >O design inovador dos stands pantogr\u00e1ficos curvos<\/a><ul class='ez-toc-list-level-3' ><li class='ez-toc-heading-level-3'><a class=\"ez-toc-link ez-toc-heading-2\" href=\"https:\/\/www.dexpo.com.br\/blog\/stands-pantograficos-curvos-a-solucao-ideal-para-eventos-de-sucesso\/#Flexibilidade_%E2%80%93_o_diferencial_dos_stands_curvos\" >Flexibilidade &#8211; o diferencial dos stands curvos<\/a><\/li><\/ul><\/li><li class='ez-toc-page-1 ez-toc-heading-level-2'><a class=\"ez-toc-link ez-toc-heading-3\" href=\"https:\/\/www.dexpo.com.br\/blog\/stands-pantograficos-curvos-a-solucao-ideal-para-eventos-de-sucesso\/#Vantagens_de_montar_um_stand_pantografico\" >Vantagens de montar um stand pantogr\u00e1fico<\/a><ul class='ez-toc-list-level-3' ><li class='ez-toc-heading-level-3'><a class=\"ez-toc-link ez-toc-heading-4\" href=\"https:\/\/www.dexpo.com.br\/blog\/stands-pantograficos-curvos-a-solucao-ideal-para-eventos-de-sucesso\/#Flexibilidade_de_design\" >Flexibilidade de design<\/a><\/li><li class='ez-toc-page-1 ez-toc-heading-level-3'><a class=\"ez-toc-link ez-toc-heading-5\" href=\"https:\/\/www.dexpo.com.br\/blog\/stands-pantograficos-curvos-a-solucao-ideal-para-eventos-de-sucesso\/#Visual_impactante\" >Visual impactante<\/a><\/li><li class='ez-toc-page-1 ez-toc-heading-level-3'><a class=\"ez-toc-link ez-toc-heading-6\" href=\"https:\/\/www.dexpo.com.br\/blog\/stands-pantograficos-curvos-a-solucao-ideal-para-eventos-de-sucesso\/#Versatilidade\" >Versatilidade<\/a><\/li><li class='ez-toc-page-1 ez-toc-heading-level-3'><a class=\"ez-toc-link ez-toc-heading-7\" href=\"https:\/\/www.dexpo.com.br\/blog\/stands-pantograficos-curvos-a-solucao-ideal-para-eventos-de-sucesso\/#Facilidade_de_montagem_e_desmontagem\" >Facilidade de montagem e desmontagem<\/a><\/li><\/ul><\/li><li class='ez-toc-page-1 ez-toc-heading-level-2'><a class=\"ez-toc-link ez-toc-heading-8\" href=\"https:\/\/www.dexpo.com.br\/blog\/stands-pantograficos-curvos-a-solucao-ideal-para-eventos-de-sucesso\/#Dexpo_referencia_em_stands_pantograficos_curvos\" >Dexpo: refer\u00eancia em stands pantogr\u00e1ficos curvos<\/a><\/li><\/ul><\/nav><\/div>\n<h2 class=\"wp-block-heading\"><span class=\"ez-toc-section\" id=\"O_design_inovador_dos_stands_pantograficos_curvos\"><\/span>O design inovador dos stands pantogr\u00e1ficos curvos<span class=\"ez-toc-section-end\"><\/span><\/h2>\n\n\n<div class=\"wp-block-image\">\n<figure class=\"aligncenter size-full is-resized\"><img loading=\"lazy\" decoding=\"async\" width=\"518\" height=\"374\" src=\"https:\/\/www.dexpo.com.br\/blog\/wp-content\/uploads\/2024\/09\/download.jpeg\" alt=\"Stands pantogr\u00e1ficos curvos: a solu\u00e7\u00e3o ideal para eventos de sucesso\" class=\"wp-image-158\" style=\"width:448px;height:auto\" srcset=\"https:\/\/www.dexpo.com.br\/blog\/wp-content\/uploads\/2024\/09\/download.jpeg 518w, https:\/\/www.dexpo.com.br\/blog\/wp-content\/uploads\/2024\/09\/download-300x217.jpeg 300w, https:\/\/www.dexpo.com.br\/blog\/wp-content\/uploads\/2024\/09\/download-83x60.jpeg 83w\" sizes=\"auto, (max-width: 518px) 100vw, 518px\" \/><\/figure>\n<\/div>\n\n\n<p class=\"wp-block-paragraph\">Os <strong>stands pantogr\u00e1ficos curvos<\/strong> s\u00e3o um avan\u00e7o em rela\u00e7\u00e3o aos modelos tradicionais de stands. Antes, a maioria dos expositores era feita com linhas retas e \u00e2ngulos r\u00edgidos, resultando em uma est\u00e9tica mais simples. <\/p>\n\n\n\n<p class=\"wp-block-paragraph\">No entanto, o design curvil\u00edneo e sofisticado dos stands pantogr\u00e1ficos trouxe um novo patamar de inova\u00e7\u00e3o ao setor.<\/p>\n\n\n\n<p class=\"wp-block-paragraph\">Com <strong>curvas suaves<\/strong> e uma <strong>est\u00e9tica moderna<\/strong>, esses stands chamam a aten\u00e7\u00e3o do p\u00fablico e proporcionam uma sensa\u00e7\u00e3o de movimento e dinamismo. <\/p>\n\n\n\n<p class=\"wp-block-paragraph\">Eles ajudam a criar um ambiente visualmente atraente, incentivando a intera\u00e7\u00e3o dos visitantes com o espa\u00e7o da marca. <\/p>\n\n\n\n<p class=\"wp-block-paragraph\">Al\u00e9m disso, sua estrutura modular permite que os stands sejam ajustados conforme as necessidades espec\u00edficas de cada evento.<\/p>\n\n\n\n<h3 class=\"wp-block-heading\"><span class=\"ez-toc-section\" id=\"Flexibilidade_%E2%80%93_o_diferencial_dos_stands_curvos\"><\/span>Flexibilidade &#8211; o diferencial dos stands curvos<span class=\"ez-toc-section-end\"><\/span><\/h3>\n\n\n\n<p class=\"wp-block-paragraph\">Uma das maiores vantagens dos <strong>stands pantogr\u00e1ficos curvos<\/strong> \u00e9 sua <strong>flexibilidade<\/strong>. <\/p>\n\n\n\n<p class=\"wp-block-paragraph\">Essa caracter\u00edstica permite que eles se adaptem a diferentes tamanhos e formatos de eventos, sejam eles pequenas feiras ou grandes exposi\u00e7\u00f5es. <\/p>\n\n\n\n<p class=\"wp-block-paragraph\">A capacidade de moldar o stand conforme o espa\u00e7o dispon\u00edvel e o objetivo do expositor \u00e9 um grande atrativo para as empresas.<\/p>\n\n\n\n<p class=\"wp-block-paragraph\">Al\u00e9m disso, a flexibilidade no design permite uma maior <strong>personaliza\u00e7\u00e3o do branding<\/strong>, possibilitando que a comunica\u00e7\u00e3o visual da marca seja exibida de maneira clara e eficiente. <\/p>\n\n\n\n<p class=\"wp-block-paragraph\">Isso \u00e9 essencial para empresas que desejam transmitir suas mensagens de forma diferenciada e marcante, adaptando o layout do stand conforme a identidade visual da marca.<\/p>\n\n\n\n<ul class=\"wp-block-list\">\n<li><a href=\"https:\/\/www.dexpo.com.br\/blog\/prateleiras-para-eventos-para-o-que-serve\/\">Prateleiras para eventos: para o que serve?<\/a><\/li>\n<\/ul>\n\n\n\n<h2 class=\"wp-block-heading\"><span class=\"ez-toc-section\" id=\"Vantagens_de_montar_um_stand_pantografico\"><\/span>Vantagens de montar um stand pantogr\u00e1fico<span class=\"ez-toc-section-end\"><\/span><\/h2>\n\n\n\n<p class=\"wp-block-paragraph\">Se voc\u00ea continua em d\u00favida sobre investir em um <strong>stand pantogr\u00e1fico curvo<\/strong>, confira a seguir algumas das principais vantagens que esse modelo pode oferecer:<\/p>\n\n\n\n<h3 class=\"wp-block-heading\"><span class=\"ez-toc-section\" id=\"Flexibilidade_de_design\"><\/span>Flexibilidade de design<span class=\"ez-toc-section-end\"><\/span><\/h3>\n\n\n\n<p class=\"wp-block-paragraph\">A possibilidade de criar estruturas personalizadas \u00e9 uma das grandes vantagens dos stands pantogr\u00e1ficos. <\/p>\n\n\n\n<p class=\"wp-block-paragraph\">Eles permitem uma ampla gama de possibilidades em termos de layout e design, o que facilita a adapta\u00e7\u00e3o a qualquer tipo de <strong>evento<\/strong> e <strong>necessidade<\/strong> de comunica\u00e7\u00e3o da empresa.<\/p>\n\n\n\n<h3 class=\"wp-block-heading\"><span class=\"ez-toc-section\" id=\"Visual_impactante\"><\/span>Visual impactante<span class=\"ez-toc-section-end\"><\/span><\/h3>\n\n\n\n<p class=\"wp-block-paragraph\">As <strong>curvas elegantes<\/strong> e o design sofisticado desses stands chamam a aten\u00e7\u00e3o do p\u00fablico, criando um ambiente convidativo e visualmente atrativo. <\/p>\n\n\n\n<p class=\"wp-block-paragraph\">Isso aumenta o interesse dos visitantes em explorar o stand, o que pode gerar mais intera\u00e7\u00e3o e, consequentemente, mais <strong>oportunidades de neg\u00f3cios<\/strong>.<\/p>\n\n\n\n<h3 class=\"wp-block-heading\"><span class=\"ez-toc-section\" id=\"Versatilidade\"><\/span>Versatilidade<span class=\"ez-toc-section-end\"><\/span><\/h3>\n\n\n\n<p class=\"wp-block-paragraph\">A <strong>versatilidade<\/strong> \u00e9 outra grande vantagem dos stands pantogr\u00e1ficos curvos. Eles podem ser utilizados em eventos de diferentes portes, oferecendo solu\u00e7\u00f5es adapt\u00e1veis para variados cen\u00e1rios. <\/p>\n\n\n\n<p class=\"wp-block-paragraph\">Desde eventos menores at\u00e9 grandes feiras, o stand se ajusta perfeitamente, oferecendo uma solu\u00e7\u00e3o eficiente em qualquer situa\u00e7\u00e3o.<\/p>\n\n\n\n<h3 class=\"wp-block-heading\"><span class=\"ez-toc-section\" id=\"Facilidade_de_montagem_e_desmontagem\"><\/span>Facilidade de montagem e desmontagem<span class=\"ez-toc-section-end\"><\/span><\/h3>\n\n\n\n<p class=\"wp-block-paragraph\">Os stands pantogr\u00e1ficos s\u00e3o projetados para serem <strong>f\u00e1ceis de montar e desmontar<\/strong>, o que economiza tempo e reduz os custos operacionais. <\/p>\n\n\n\n<p class=\"wp-block-paragraph\">Empresas que participam de diversos eventos ao longo do ano se beneficiam dessa praticidade, pois podem montar seus espa\u00e7os de forma r\u00e1pida e eficiente, sem a necessidade de uma grande equipe t\u00e9cnica.<\/p>\n\n\n\n<ul class=\"wp-block-list\">\n<li><a href=\"https:\/\/www.dexpo.com.br\/blog\/balcoes-para-ponto-de-venda-o-guia-completo-para-seu-negocio\/\">Balc\u00f5es para ponto de venda: o guia completo para seu neg\u00f3cio<\/a><\/li>\n<\/ul>\n\n\n\n<h2 class=\"wp-block-heading\"><span class=\"ez-toc-section\" id=\"Dexpo_referencia_em_stands_pantograficos_curvos\"><\/span>Dexpo: refer\u00eancia em stands pantogr\u00e1ficos curvos<span class=\"ez-toc-section-end\"><\/span><\/h2>\n\n\n\n<p class=\"wp-block-paragraph\">Se voc\u00ea est\u00e1 buscando um fornecedor de confian\u00e7a para <strong>stands pantogr\u00e1ficos curvos<\/strong>, a <strong>Dexpo<\/strong> \u00e9 uma empresa que se destaca nesse mercado. <\/p>\n\n\n\n<p class=\"wp-block-paragraph\">Com mais de 20 anos de experi\u00eancia, a Dexpo oferece solu\u00e7\u00f5es de alta qualidade para eventos e exposi\u00e7\u00f5es, tornando-se uma refer\u00eancia em <strong>displays e expositores port\u00e1teis<\/strong>.<\/p>\n\n\n\n<p class=\"wp-block-paragraph\">Desde 1998, a Dexpo fabrica uma ampla gama de produtos, como <strong>stands pop-up<\/strong> e <strong>porta banners port\u00e1teis<\/strong>, todos projetados para atender \u00e0s necessidades de comunica\u00e7\u00e3o visual de empresas em eventos promocionais. <\/p>\n\n\n\n<p class=\"wp-block-paragraph\">A qualidade dos materiais utilizados, aliada ao design moderno e \u00e0 praticidade, torna a Dexpo a escolha ideal para quem busca produtos que aliam <strong>est\u00e9tica e funcionalidade<\/strong>.<\/p>\n\n\n\n<p class=\"wp-block-paragraph\"><a href=\"https:\/\/www.dexpo.com.br\/contato\/\">Entre em contato com a <strong>Dexpo<\/strong><\/a> e descubra como os stands pantogr\u00e1ficos curvos podem transformar sua participa\u00e7\u00e3o em eventos! Solicite um or\u00e7amento agora mesmo.<\/p>\n","protected":false},"excerpt":{"rendered":"<p><span class=\"span-reading-time rt-reading-time\" style=\"display: block;\"><span class=\"rt-label rt-prefix\">Tempo de leitura:<\/span> <span class=\"rt-time\"> 4<\/span> <span class=\"rt-label rt-postfix\">minutos<\/span><\/span>Descubra como os stands pantogr\u00e1ficos curvos s\u00e3o flex\u00edveis, impactantes e f\u00e1ceis de montar, e destaque sua marca em feiras e exposi\u00e7\u00f5es. Em um cen\u00e1rio onde a primeira impress\u00e3o \u00e9 decisiva, os stands pantogr\u00e1ficos curvos se apresentam como uma solu\u00e7\u00e3o eficiente para empresas que participam de eventos, feiras e exposi\u00e7\u00f5es. Com seu design inovador e elegante, &hellip; <\/p>\n","protected":false},"author":1,"featured_media":157,"comment_status":"open","ping_status":"open","sticky":false,"template":"","format":"standard","meta":{"_lmt_disableupdate":"no","_lmt_disable":"","footnotes":""},"categories":[2263],"tags":[2569,2566,2565,2562,2567,2560,2557,2558,2559,2564,2568,2563,2561,2647,2621,2608,2673,2634,2660,2582,2579,2578,2575,2580,2573,2570,2571,2572,2577,2581,2576,2574,2595,2592,2591,2588,2593,2586,2583,2584,2585,2590,2594,2589,2587,2556,2553,2552,2549,2554,2547,2544,2545,2546,2551,2555,2550,2548,2644,2618,2605,2670,2631,2657,2643,2617,2604,2669,2630,2656,2640,2614,2601,2666,2627,2653,2645,2619,2606,2671,2632,2658,2638,2612,2599,2664,2625,2651,2635,2609,2596,2661,2622,2648,2636,2610,2597,2662,2623,2649,2637,2611,2598,2663,2624,2650,2642,2616,2603,2668,2629,2655,2646,2620,2607,2672,2633,2659,2641,2615,2602,2667,2628,2654,2639,2613,2600,2665,2626,2652],"class_list":["post-156","post","type-post","status-publish","format-standard","has-post-thumbnail","hentry","category-stands-pantograficos","tag-comprar-expositores-ajustaveis-para-eventos","tag-comprar-stands-curvos-em-aluminio","tag-comprar-stands-de-exposicao-curvos","tag-comprar-stands-flexiveis-para-exposicoes","tag-comprar-stands-leves-para-eventos","tag-comprar-stands-modulares-curvos","tag-comprar-stands-pantograficos-curvos","tag-comprar-stands-para-exposicoes","tag-comprar-stands-para-feiras-e-exposicoes","tag-comprar-stands-personalizados-para-eventos","tag-comprar-stands-portateis-para-exposicoes","tag-comprar-stands-portateis-para-feiras","tag-comprar-stands-retrateis-para-eventos","tag-expositores-ajustaveis-para-eventos-em-osasco","tag-expositores-ajustaveis-para-eventos-em-sao-paulo","tag-expositores-ajustaveis-para-eventos-em-sp","tag-expositores-ajustaveis-para-eventos-na-lapa","tag-expositores-ajustaveis-para-eventos-na-zona-oeste","tag-expositores-ajustaveis-para-eventos-no-jaguare","tag-fabricante-de-expositores-ajustaveis-para-eventos","tag-fabricante-de-stands-curvos-em-aluminio","tag-fabricante-de-stands-de-exposicao-curvos","tag-fabricante-de-stands-flexiveis-para-exposicoes","tag-fabricante-de-stands-leves-para-eventos","tag-fabricante-de-stands-modulares-curvos","tag-fabricante-de-stands-pantograficos-curvos","tag-fabricante-de-stands-para-exposicoes","tag-fabricante-de-stands-para-feiras-e-exposicoes","tag-fabricante-de-stands-personalizados-para-eventos","tag-fabricante-de-stands-portateis-para-exposicoes","tag-fabricante-de-stands-portateis-para-feiras","tag-fabricante-de-stands-retrateis-para-eventos","tag-fornecedor-de-expositores-ajustaveis-para-eventos","tag-fornecedor-de-stands-curvos-em-aluminio","tag-fornecedor-de-stands-de-exposicao-curvos","tag-fornecedor-de-stands-flexiveis-para-exposicoes","tag-fornecedor-de-stands-leves-para-eventos","tag-fornecedor-de-stands-modulares-curvos","tag-fornecedor-de-stands-pantograficos-curvos","tag-fornecedor-de-stands-para-exposicoes","tag-fornecedor-de-stands-para-feiras-e-exposicoes","tag-fornecedor-de-stands-personalizados-para-eventos","tag-fornecedor-de-stands-portateis-para-exposicoes","tag-fornecedor-de-stands-portateis-para-feiras","tag-fornecedor-de-stands-retrateis-para-eventos","tag-onde-encontrar-expositores-ajustaveis-para-eventos","tag-onde-encontrar-stands-curvos-em-aluminio","tag-onde-encontrar-stands-de-exposicao-curvos","tag-onde-encontrar-stands-flexiveis-para-exposicoes","tag-onde-encontrar-stands-leves-para-eventos","tag-onde-encontrar-stands-modulares-curvos","tag-onde-encontrar-stands-pantograficos-curvos","tag-onde-encontrar-stands-para-exposicoes","tag-onde-encontrar-stands-para-feiras-e-exposicoes","tag-onde-encontrar-stands-personalizados-para-eventos","tag-onde-encontrar-stands-portateis-para-exposicoes","tag-onde-encontrar-stands-portateis-para-feiras","tag-onde-encontrar-stands-retrateis-para-eventos","tag-stands-curvos-em-aluminio-em-osasco","tag-stands-curvos-em-aluminio-em-sao-paulo","tag-stands-curvos-em-aluminio-em-sp","tag-stands-curvos-em-aluminio-na-lapa","tag-stands-curvos-em-aluminio-na-zona-oeste","tag-stands-curvos-em-aluminio-no-jaguare","tag-stands-de-exposicao-curvos-em-osasco","tag-stands-de-exposicao-curvos-em-sao-paulo","tag-stands-de-exposicao-curvos-em-sp","tag-stands-de-exposicao-curvos-na-lapa","tag-stands-de-exposicao-curvos-na-zona-oeste","tag-stands-de-exposicao-curvos-no-jaguare","tag-stands-flexiveis-para-exposicoes-em-osasco","tag-stands-flexiveis-para-exposicoes-em-sao-paulo","tag-stands-flexiveis-para-exposicoes-em-sp","tag-stands-flexiveis-para-exposicoes-na-lapa","tag-stands-flexiveis-para-exposicoes-na-zona-oeste","tag-stands-flexiveis-para-exposicoes-no-jaguare","tag-stands-leves-para-eventos-em-osasco","tag-stands-leves-para-eventos-em-sao-paulo","tag-stands-leves-para-eventos-em-sp","tag-stands-leves-para-eventos-na-lapa","tag-stands-leves-para-eventos-na-zona-oeste","tag-stands-leves-para-eventos-no-jaguare","tag-stands-modulares-curvos-em-osasco","tag-stands-modulares-curvos-em-sao-paulo","tag-stands-modulares-curvos-em-sp","tag-stands-modulares-curvos-na-lapa","tag-stands-modulares-curvos-na-zona-oeste","tag-stands-modulares-curvos-no-jaguare","tag-stands-pantograficos-curvos-em-osasco","tag-stands-pantograficos-curvos-em-sao-paulo","tag-stands-pantograficos-curvos-em-sp","tag-stands-pantograficos-curvos-na-lapa","tag-stands-pantograficos-curvos-na-zona-oeste","tag-stands-pantograficos-curvos-no-jaguare","tag-stands-para-exposicoes-em-osasco","tag-stands-para-exposicoes-em-sao-paulo","tag-stands-para-exposicoes-em-sp","tag-stands-para-exposicoes-na-lapa","tag-stands-para-exposicoes-na-zona-oeste","tag-stands-para-exposicoes-no-jaguare","tag-stands-para-feiras-e-exposicoes-em-osasco","tag-stands-para-feiras-e-exposicoes-em-sao-paulo","tag-stands-para-feiras-e-exposicoes-em-sp","tag-stands-para-feiras-e-exposicoes-na-lapa","tag-stands-para-feiras-e-exposicoes-na-zona-oeste","tag-stands-para-feiras-e-exposicoes-no-jaguare","tag-stands-personalizados-para-eventos-em-osasco","tag-stands-personalizados-para-eventos-em-sao-paulo","tag-stands-personalizados-para-eventos-em-sp","tag-stands-personalizados-para-eventos-na-lapa","tag-stands-personalizados-para-eventos-na-zona-oeste","tag-stands-personalizados-para-eventos-no-jaguare","tag-stands-portateis-para-exposicoes-em-osasco","tag-stands-portateis-para-exposicoes-em-sao-paulo","tag-stands-portateis-para-exposicoes-em-sp","tag-stands-portateis-para-exposicoes-na-lapa","tag-stands-portateis-para-exposicoes-na-zona-oeste","tag-stands-portateis-para-exposicoes-no-jaguare","tag-stands-portateis-para-feiras-em-osasco","tag-stands-portateis-para-feiras-em-sao-paulo","tag-stands-portateis-para-feiras-em-sp","tag-stands-portateis-para-feiras-na-lapa","tag-stands-portateis-para-feiras-na-zona-oeste","tag-stands-portateis-para-feiras-no-jaguare","tag-stands-retrateis-para-eventos-em-osasco","tag-stands-retrateis-para-eventos-em-sao-paulo","tag-stands-retrateis-para-eventos-em-sp","tag-stands-retrateis-para-eventos-na-lapa","tag-stands-retrateis-para-eventos-na-zona-oeste","tag-stands-retrateis-para-eventos-no-jaguare","latest_post"],"yoast_head":"<!-- This site is optimized with the Yoast SEO plugin v25.5 - https:\/\/yoast.com\/wordpress\/plugins\/seo\/ -->\n<title>Stands pantogr\u00e1ficos curvos: a solu\u00e7\u00e3o ideal para eventos de sucesso - Blog<\/title>\n<meta name=\"description\" content=\"Descubra como os stands pantogr\u00e1ficos curvos s\u00e3o flex\u00edveis, impactantes e f\u00e1ceis de montar, e destaque sua marca em feiras e exposi\u00e7\u00f5es.\" \/>\n<meta name=\"robots\" content=\"index, follow, max-snippet:-1, max-image-preview:large, max-video-preview:-1\" \/>\n<link rel=\"canonical\" href=\"https:\/\/www.dexpo.com.br\/blog\/stands-pantograficos-curvos-a-solucao-ideal-para-eventos-de-sucesso\/\" \/>\n<meta property=\"og:locale\" content=\"pt_BR\" \/>\n<meta property=\"og:type\" content=\"article\" \/>\n<meta property=\"og:title\" content=\"Stands pantogr\u00e1ficos curvos: a solu\u00e7\u00e3o ideal para eventos de sucesso - Blog\" \/>\n<meta property=\"og:description\" content=\"Descubra como os stands pantogr\u00e1ficos curvos s\u00e3o flex\u00edveis, impactantes e f\u00e1ceis de montar, e destaque sua marca em feiras e exposi\u00e7\u00f5es.\" \/>\n<meta property=\"og:url\" content=\"https:\/\/www.dexpo.com.br\/blog\/stands-pantograficos-curvos-a-solucao-ideal-para-eventos-de-sucesso\/\" \/>\n<meta property=\"og:site_name\" content=\"Blog\" \/>\n<meta property=\"article:published_time\" content=\"2024-09-05T14:20:00+00:00\" \/>\n<meta property=\"article:modified_time\" content=\"2024-09-06T03:10:06+00:00\" \/>\n<meta property=\"og:image\" content=\"https:\/\/www.dexpo.com.br\/blog\/wp-content\/uploads\/2024\/09\/10-65b9557e40c3e.jpg\" \/>\n\t<meta property=\"og:image:width\" content=\"1920\" \/>\n\t<meta property=\"og:image:height\" content=\"1417\" \/>\n\t<meta property=\"og:image:type\" content=\"image\/jpeg\" \/>\n<meta name=\"author\" content=\"admin\" \/>\n<meta name=\"twitter:card\" content=\"summary_large_image\" \/>\n<meta name=\"twitter:label1\" content=\"Escrito por\" \/>\n\t<meta name=\"twitter:data1\" content=\"admin\" \/>\n\t<meta name=\"twitter:label2\" content=\"Est. tempo de leitura\" \/>\n\t<meta name=\"twitter:data2\" content=\"5 minutos\" \/>\n<script type=\"application\/ld+json\" class=\"yoast-schema-graph\">{\"@context\":\"https:\/\/schema.org\",\"@graph\":[{\"@type\":\"Article\",\"@id\":\"https:\/\/www.dexpo.com.br\/blog\/stands-pantograficos-curvos-a-solucao-ideal-para-eventos-de-sucesso\/#article\",\"isPartOf\":{\"@id\":\"https:\/\/www.dexpo.com.br\/blog\/stands-pantograficos-curvos-a-solucao-ideal-para-eventos-de-sucesso\/\"},\"author\":{\"name\":\"admin\",\"@id\":\"https:\/\/www.dexpo.com.br\/blog\/#\/schema\/person\/6d0a8f9ebbccf41c1478cada680f3e87\"},\"headline\":\"Stands pantogr\u00e1ficos curvos: a solu\u00e7\u00e3o ideal para eventos de sucesso\",\"datePublished\":\"2024-09-05T14:20:00+00:00\",\"dateModified\":\"2024-09-06T03:10:06+00:00\",\"mainEntityOfPage\":{\"@id\":\"https:\/\/www.dexpo.com.br\/blog\/stands-pantograficos-curvos-a-solucao-ideal-para-eventos-de-sucesso\/\"},\"wordCount\":810,\"commentCount\":0,\"publisher\":{\"@id\":\"https:\/\/www.dexpo.com.br\/blog\/#organization\"},\"image\":{\"@id\":\"https:\/\/www.dexpo.com.br\/blog\/stands-pantograficos-curvos-a-solucao-ideal-para-eventos-de-sucesso\/#primaryimage\"},\"thumbnailUrl\":\"https:\/\/www.dexpo.com.br\/blog\/wp-content\/uploads\/2024\/09\/10-65b9557e40c3e.jpg\",\"keywords\":[\"comprar Expositores ajust\u00e1veis para eventos\",\"comprar Stands curvos em alum\u00ednio\",\"comprar Stands de exposi\u00e7\u00e3o curvos\",\"comprar Stands flex\u00edveis para exposi\u00e7\u00f5es\",\"comprar Stands leves para eventos\",\"comprar Stands modulares curvos\",\"comprar Stands pantogr\u00e1ficos curvos\",\"comprar Stands para exposi\u00e7\u00f5es\",\"comprar Stands para feiras e exposi\u00e7\u00f5es\",\"comprar Stands personalizados para eventos\",\"comprar Stands port\u00e1teis para exposi\u00e7\u00f5es\",\"comprar Stands port\u00e1teis para feiras\",\"comprar Stands retr\u00e1teis para eventos\",\"Expositores ajust\u00e1veis para eventos em Osasco\",\"Expositores ajust\u00e1veis para eventos em s\u00e3o paulo\",\"Expositores ajust\u00e1veis para eventos em sp\",\"Expositores ajust\u00e1veis para eventos na Lapa\",\"Expositores ajust\u00e1veis para eventos na zona oeste\",\"Expositores ajust\u00e1veis para eventos no Jaguar\u00e9\",\"fabricante de Expositores ajust\u00e1veis para eventos\",\"fabricante de Stands curvos em alum\u00ednio\",\"fabricante de Stands de exposi\u00e7\u00e3o curvos\",\"fabricante de Stands flex\u00edveis para exposi\u00e7\u00f5es\",\"fabricante de Stands leves para eventos\",\"fabricante de Stands modulares curvos\",\"fabricante de Stands pantogr\u00e1ficos curvos\",\"fabricante de Stands para exposi\u00e7\u00f5es\",\"fabricante de Stands para feiras e exposi\u00e7\u00f5es\",\"fabricante de Stands personalizados para eventos\",\"fabricante de Stands port\u00e1teis para exposi\u00e7\u00f5es\",\"fabricante de Stands port\u00e1teis para feiras\",\"fabricante de Stands retr\u00e1teis para eventos\",\"fornecedor de Expositores ajust\u00e1veis para eventos\",\"fornecedor de Stands curvos em alum\u00ednio\",\"fornecedor de Stands de exposi\u00e7\u00e3o curvos\",\"fornecedor de Stands flex\u00edveis para exposi\u00e7\u00f5es\",\"fornecedor de Stands leves para eventos\",\"fornecedor de Stands modulares curvos\",\"fornecedor de Stands pantogr\u00e1ficos curvos\",\"fornecedor de Stands para exposi\u00e7\u00f5es\",\"fornecedor de Stands para feiras e exposi\u00e7\u00f5es\",\"fornecedor de Stands personalizados para eventos\",\"fornecedor de Stands port\u00e1teis para exposi\u00e7\u00f5es\",\"fornecedor de Stands port\u00e1teis para feiras\",\"fornecedor de Stands retr\u00e1teis para eventos\",\"onde encontrar Expositores ajust\u00e1veis para eventos\",\"onde encontrar Stands curvos em alum\u00ednio\",\"onde encontrar Stands de exposi\u00e7\u00e3o curvos\",\"onde encontrar Stands flex\u00edveis para exposi\u00e7\u00f5es\",\"onde encontrar Stands leves para eventos\",\"onde encontrar Stands modulares curvos\",\"onde encontrar Stands pantogr\u00e1ficos curvos\",\"onde encontrar Stands para exposi\u00e7\u00f5es\",\"onde encontrar Stands para feiras e exposi\u00e7\u00f5es\",\"onde encontrar Stands personalizados para eventos\",\"onde encontrar Stands port\u00e1teis para exposi\u00e7\u00f5es\",\"onde encontrar Stands port\u00e1teis para feiras\",\"onde encontrar Stands retr\u00e1teis para eventos\",\"Stands curvos em alum\u00ednio em Osasco\",\"Stands curvos em alum\u00ednio em s\u00e3o paulo\",\"Stands curvos em alum\u00ednio em sp\",\"Stands curvos em alum\u00ednio na Lapa\",\"Stands curvos em alum\u00ednio na zona oeste\",\"Stands curvos em alum\u00ednio no Jaguar\u00e9\",\"Stands de exposi\u00e7\u00e3o curvos em Osasco\",\"Stands de exposi\u00e7\u00e3o curvos em s\u00e3o paulo\",\"Stands de exposi\u00e7\u00e3o curvos em sp\",\"Stands de exposi\u00e7\u00e3o curvos na Lapa\",\"Stands de exposi\u00e7\u00e3o curvos na zona oeste\",\"Stands de exposi\u00e7\u00e3o curvos no Jaguar\u00e9\",\"Stands flex\u00edveis para exposi\u00e7\u00f5es em Osasco\",\"Stands flex\u00edveis para exposi\u00e7\u00f5es em s\u00e3o paulo\",\"Stands flex\u00edveis para exposi\u00e7\u00f5es em sp\",\"Stands flex\u00edveis para exposi\u00e7\u00f5es na Lapa\",\"Stands flex\u00edveis para exposi\u00e7\u00f5es na zona oeste\",\"Stands flex\u00edveis para exposi\u00e7\u00f5es no Jaguar\u00e9\",\"Stands leves para eventos em Osasco\",\"Stands leves para eventos em s\u00e3o paulo\",\"Stands leves para eventos em sp\",\"Stands leves para eventos na Lapa\",\"Stands leves para eventos na zona oeste\",\"Stands leves para eventos no Jaguar\u00e9\",\"Stands modulares curvos em Osasco\",\"Stands modulares curvos em s\u00e3o paulo\",\"Stands modulares curvos em sp\",\"Stands modulares curvos na Lapa\",\"Stands modulares curvos na zona oeste\",\"Stands modulares curvos no Jaguar\u00e9\",\"Stands pantogr\u00e1ficos curvos em Osasco\",\"Stands pantogr\u00e1ficos curvos em s\u00e3o paulo\",\"Stands pantogr\u00e1ficos curvos em sp\",\"Stands pantogr\u00e1ficos curvos na Lapa\",\"Stands pantogr\u00e1ficos curvos na zona oeste\",\"Stands pantogr\u00e1ficos curvos no Jaguar\u00e9\",\"Stands para exposi\u00e7\u00f5es em Osasco\",\"Stands para exposi\u00e7\u00f5es em s\u00e3o paulo\",\"Stands para exposi\u00e7\u00f5es em sp\",\"Stands para exposi\u00e7\u00f5es na Lapa\",\"Stands para exposi\u00e7\u00f5es na zona oeste\",\"Stands para exposi\u00e7\u00f5es no Jaguar\u00e9\",\"Stands para feiras e exposi\u00e7\u00f5es em Osasco\",\"Stands para feiras e exposi\u00e7\u00f5es em s\u00e3o paulo\",\"Stands para feiras e exposi\u00e7\u00f5es em sp\",\"Stands para feiras e exposi\u00e7\u00f5es na Lapa\",\"Stands para feiras e exposi\u00e7\u00f5es na zona oeste\",\"Stands para feiras e exposi\u00e7\u00f5es no Jaguar\u00e9\",\"Stands personalizados para eventos em Osasco\",\"Stands personalizados para eventos em s\u00e3o paulo\",\"Stands personalizados para eventos em sp\",\"Stands personalizados para eventos na Lapa\",\"Stands personalizados para eventos na zona oeste\",\"Stands personalizados para eventos no Jaguar\u00e9\",\"Stands port\u00e1teis para exposi\u00e7\u00f5es em Osasco\",\"Stands port\u00e1teis para exposi\u00e7\u00f5es em s\u00e3o paulo\",\"Stands port\u00e1teis para exposi\u00e7\u00f5es em sp\",\"Stands port\u00e1teis para exposi\u00e7\u00f5es na Lapa\",\"Stands port\u00e1teis para exposi\u00e7\u00f5es na zona oeste\",\"Stands port\u00e1teis para exposi\u00e7\u00f5es no Jaguar\u00e9\",\"Stands port\u00e1teis para feiras em Osasco\",\"Stands port\u00e1teis para feiras em s\u00e3o paulo\",\"Stands port\u00e1teis para feiras em sp\",\"Stands port\u00e1teis para feiras na Lapa\",\"Stands port\u00e1teis para feiras na zona oeste\",\"Stands port\u00e1teis para feiras no Jaguar\u00e9\",\"Stands retr\u00e1teis para eventos em Osasco\",\"Stands retr\u00e1teis para eventos em s\u00e3o paulo\",\"Stands retr\u00e1teis para eventos em sp\",\"Stands retr\u00e1teis para eventos na Lapa\",\"Stands retr\u00e1teis para eventos na zona oeste\",\"Stands retr\u00e1teis para eventos no Jaguar\u00e9\"],\"articleSection\":[\"stands pantogr\u00e1ficos\"],\"inLanguage\":\"pt-BR\",\"potentialAction\":[{\"@type\":\"CommentAction\",\"name\":\"Comment\",\"target\":[\"https:\/\/www.dexpo.com.br\/blog\/stands-pantograficos-curvos-a-solucao-ideal-para-eventos-de-sucesso\/#respond\"]}]},{\"@type\":\"WebPage\",\"@id\":\"https:\/\/www.dexpo.com.br\/blog\/stands-pantograficos-curvos-a-solucao-ideal-para-eventos-de-sucesso\/\",\"url\":\"https:\/\/www.dexpo.com.br\/blog\/stands-pantograficos-curvos-a-solucao-ideal-para-eventos-de-sucesso\/\",\"name\":\"Stands pantogr\u00e1ficos curvos: a solu\u00e7\u00e3o ideal para eventos de sucesso - Blog\",\"isPartOf\":{\"@id\":\"https:\/\/www.dexpo.com.br\/blog\/#website\"},\"primaryImageOfPage\":{\"@id\":\"https:\/\/www.dexpo.com.br\/blog\/stands-pantograficos-curvos-a-solucao-ideal-para-eventos-de-sucesso\/#primaryimage\"},\"image\":{\"@id\":\"https:\/\/www.dexpo.com.br\/blog\/stands-pantograficos-curvos-a-solucao-ideal-para-eventos-de-sucesso\/#primaryimage\"},\"thumbnailUrl\":\"https:\/\/www.dexpo.com.br\/blog\/wp-content\/uploads\/2024\/09\/10-65b9557e40c3e.jpg\",\"datePublished\":\"2024-09-05T14:20:00+00:00\",\"dateModified\":\"2024-09-06T03:10:06+00:00\",\"description\":\"Descubra como os stands pantogr\u00e1ficos curvos s\u00e3o flex\u00edveis, impactantes e f\u00e1ceis de montar, e destaque sua marca em feiras e exposi\u00e7\u00f5es.\",\"breadcrumb\":{\"@id\":\"https:\/\/www.dexpo.com.br\/blog\/stands-pantograficos-curvos-a-solucao-ideal-para-eventos-de-sucesso\/#breadcrumb\"},\"inLanguage\":\"pt-BR\",\"potentialAction\":[{\"@type\":\"ReadAction\",\"target\":[\"https:\/\/www.dexpo.com.br\/blog\/stands-pantograficos-curvos-a-solucao-ideal-para-eventos-de-sucesso\/\"]}]},{\"@type\":\"ImageObject\",\"inLanguage\":\"pt-BR\",\"@id\":\"https:\/\/www.dexpo.com.br\/blog\/stands-pantograficos-curvos-a-solucao-ideal-para-eventos-de-sucesso\/#primaryimage\",\"url\":\"https:\/\/www.dexpo.com.br\/blog\/wp-content\/uploads\/2024\/09\/10-65b9557e40c3e.jpg\",\"contentUrl\":\"https:\/\/www.dexpo.com.br\/blog\/wp-content\/uploads\/2024\/09\/10-65b9557e40c3e.jpg\",\"width\":1920,\"height\":1417,\"caption\":\"Stands pantogr\u00e1ficos curvos: a solu\u00e7\u00e3o ideal para eventos de sucesso\"},{\"@type\":\"BreadcrumbList\",\"@id\":\"https:\/\/www.dexpo.com.br\/blog\/stands-pantograficos-curvos-a-solucao-ideal-para-eventos-de-sucesso\/#breadcrumb\",\"itemListElement\":[{\"@type\":\"ListItem\",\"position\":1,\"name\":\"In\u00edcio\",\"item\":\"https:\/\/www.dexpo.com.br\/blog\/\"},{\"@type\":\"ListItem\",\"position\":2,\"name\":\"Stands pantogr\u00e1ficos curvos: a solu\u00e7\u00e3o ideal para eventos de sucesso\"}]},{\"@type\":\"WebSite\",\"@id\":\"https:\/\/www.dexpo.com.br\/blog\/#website\",\"url\":\"https:\/\/www.dexpo.com.br\/blog\/\",\"name\":\"Blog\",\"description\":\"Dexpo - Displays e Expositores Portateis\",\"publisher\":{\"@id\":\"https:\/\/www.dexpo.com.br\/blog\/#organization\"},\"potentialAction\":[{\"@type\":\"SearchAction\",\"target\":{\"@type\":\"EntryPoint\",\"urlTemplate\":\"https:\/\/www.dexpo.com.br\/blog\/?s={search_term_string}\"},\"query-input\":{\"@type\":\"PropertyValueSpecification\",\"valueRequired\":true,\"valueName\":\"search_term_string\"}}],\"inLanguage\":\"pt-BR\"},{\"@type\":\"Organization\",\"@id\":\"https:\/\/www.dexpo.com.br\/blog\/#organization\",\"name\":\"Blog\",\"url\":\"https:\/\/www.dexpo.com.br\/blog\/\",\"logo\":{\"@type\":\"ImageObject\",\"inLanguage\":\"pt-BR\",\"@id\":\"https:\/\/www.dexpo.com.br\/blog\/#\/schema\/logo\/image\/\",\"url\":\"https:\/\/www.dexpo.com.br\/blog\/wp-content\/uploads\/2024\/02\/logo-7.png\",\"contentUrl\":\"https:\/\/www.dexpo.com.br\/blog\/wp-content\/uploads\/2024\/02\/logo-7.png\",\"width\":412,\"height\":259,\"caption\":\"Blog\"},\"image\":{\"@id\":\"https:\/\/www.dexpo.com.br\/blog\/#\/schema\/logo\/image\/\"}},{\"@type\":\"Person\",\"@id\":\"https:\/\/www.dexpo.com.br\/blog\/#\/schema\/person\/6d0a8f9ebbccf41c1478cada680f3e87\",\"name\":\"admin\",\"image\":{\"@type\":\"ImageObject\",\"inLanguage\":\"pt-BR\",\"@id\":\"https:\/\/www.dexpo.com.br\/blog\/#\/schema\/person\/image\/\",\"url\":\"https:\/\/secure.gravatar.com\/avatar\/94d94992e5dcccff24919365b24c228f2dc818bb6650ab086de97177901f17db?s=96&d=mm&r=g\",\"contentUrl\":\"https:\/\/secure.gravatar.com\/avatar\/94d94992e5dcccff24919365b24c228f2dc818bb6650ab086de97177901f17db?s=96&d=mm&r=g\",\"caption\":\"admin\"},\"sameAs\":[\"https:\/\/www.dexpo.com.br\/blog\"],\"url\":\"https:\/\/www.dexpo.com.br\/blog\/author\/admin\/\"}]}<\/script>\n<!-- \/ Yoast SEO plugin. -->","yoast_head_json":{"title":"Stands pantogr\u00e1ficos curvos: a solu\u00e7\u00e3o ideal para eventos de sucesso - Blog","description":"Descubra como os stands pantogr\u00e1ficos curvos s\u00e3o flex\u00edveis, impactantes e f\u00e1ceis de montar, e destaque sua marca em feiras e exposi\u00e7\u00f5es.","robots":{"index":"index","follow":"follow","max-snippet":"max-snippet:-1","max-image-preview":"max-image-preview:large","max-video-preview":"max-video-preview:-1"},"canonical":"https:\/\/www.dexpo.com.br\/blog\/stands-pantograficos-curvos-a-solucao-ideal-para-eventos-de-sucesso\/","og_locale":"pt_BR","og_type":"article","og_title":"Stands pantogr\u00e1ficos curvos: a solu\u00e7\u00e3o ideal para eventos de sucesso - Blog","og_description":"Descubra como os stands pantogr\u00e1ficos curvos s\u00e3o flex\u00edveis, impactantes e f\u00e1ceis de montar, e destaque sua marca em feiras e exposi\u00e7\u00f5es.","og_url":"https:\/\/www.dexpo.com.br\/blog\/stands-pantograficos-curvos-a-solucao-ideal-para-eventos-de-sucesso\/","og_site_name":"Blog","article_published_time":"2024-09-05T14:20:00+00:00","article_modified_time":"2024-09-06T03:10:06+00:00","og_image":[{"width":1920,"height":1417,"url":"https:\/\/www.dexpo.com.br\/blog\/wp-content\/uploads\/2024\/09\/10-65b9557e40c3e.jpg","type":"image\/jpeg"}],"author":"admin","twitter_card":"summary_large_image","twitter_misc":{"Escrito por":"admin","Est. tempo de leitura":"5 minutos"},"schema":{"@context":"https:\/\/schema.org","@graph":[{"@type":"Article","@id":"https:\/\/www.dexpo.com.br\/blog\/stands-pantograficos-curvos-a-solucao-ideal-para-eventos-de-sucesso\/#article","isPartOf":{"@id":"https:\/\/www.dexpo.com.br\/blog\/stands-pantograficos-curvos-a-solucao-ideal-para-eventos-de-sucesso\/"},"author":{"name":"admin","@id":"https:\/\/www.dexpo.com.br\/blog\/#\/schema\/person\/6d0a8f9ebbccf41c1478cada680f3e87"},"headline":"Stands pantogr\u00e1ficos curvos: a solu\u00e7\u00e3o ideal para eventos de sucesso","datePublished":"2024-09-05T14:20:00+00:00","dateModified":"2024-09-06T03:10:06+00:00","mainEntityOfPage":{"@id":"https:\/\/www.dexpo.com.br\/blog\/stands-pantograficos-curvos-a-solucao-ideal-para-eventos-de-sucesso\/"},"wordCount":810,"commentCount":0,"publisher":{"@id":"https:\/\/www.dexpo.com.br\/blog\/#organization"},"image":{"@id":"https:\/\/www.dexpo.com.br\/blog\/stands-pantograficos-curvos-a-solucao-ideal-para-eventos-de-sucesso\/#primaryimage"},"thumbnailUrl":"https:\/\/www.dexpo.com.br\/blog\/wp-content\/uploads\/2024\/09\/10-65b9557e40c3e.jpg","keywords":["comprar Expositores ajust\u00e1veis para eventos","comprar Stands curvos em alum\u00ednio","comprar Stands de exposi\u00e7\u00e3o curvos","comprar Stands flex\u00edveis para exposi\u00e7\u00f5es","comprar Stands leves para eventos","comprar Stands modulares curvos","comprar Stands pantogr\u00e1ficos curvos","comprar Stands para exposi\u00e7\u00f5es","comprar Stands para feiras e exposi\u00e7\u00f5es","comprar Stands personalizados para eventos","comprar Stands port\u00e1teis para exposi\u00e7\u00f5es","comprar Stands port\u00e1teis para feiras","comprar Stands retr\u00e1teis para eventos","Expositores ajust\u00e1veis para eventos em Osasco","Expositores ajust\u00e1veis para eventos em s\u00e3o paulo","Expositores ajust\u00e1veis para eventos em sp","Expositores ajust\u00e1veis para eventos na Lapa","Expositores ajust\u00e1veis para eventos na zona oeste","Expositores ajust\u00e1veis para eventos no Jaguar\u00e9","fabricante de Expositores ajust\u00e1veis para eventos","fabricante de Stands curvos em alum\u00ednio","fabricante de Stands de exposi\u00e7\u00e3o curvos","fabricante de Stands flex\u00edveis para exposi\u00e7\u00f5es","fabricante de Stands leves para eventos","fabricante de Stands modulares curvos","fabricante de Stands pantogr\u00e1ficos curvos","fabricante de Stands para exposi\u00e7\u00f5es","fabricante de Stands para feiras e exposi\u00e7\u00f5es","fabricante de Stands personalizados para eventos","fabricante de Stands port\u00e1teis para exposi\u00e7\u00f5es","fabricante de Stands port\u00e1teis para feiras","fabricante de Stands retr\u00e1teis para eventos","fornecedor de Expositores ajust\u00e1veis para eventos","fornecedor de Stands curvos em alum\u00ednio","fornecedor de Stands de exposi\u00e7\u00e3o curvos","fornecedor de Stands flex\u00edveis para exposi\u00e7\u00f5es","fornecedor de Stands leves para eventos","fornecedor de Stands modulares curvos","fornecedor de Stands pantogr\u00e1ficos curvos","fornecedor de Stands para exposi\u00e7\u00f5es","fornecedor de Stands para feiras e exposi\u00e7\u00f5es","fornecedor de Stands personalizados para eventos","fornecedor de Stands port\u00e1teis para exposi\u00e7\u00f5es","fornecedor de Stands port\u00e1teis para feiras","fornecedor de Stands retr\u00e1teis para eventos","onde encontrar Expositores ajust\u00e1veis para eventos","onde encontrar Stands curvos em alum\u00ednio","onde encontrar Stands de exposi\u00e7\u00e3o curvos","onde encontrar Stands flex\u00edveis para exposi\u00e7\u00f5es","onde encontrar Stands leves para eventos","onde encontrar Stands modulares curvos","onde encontrar Stands pantogr\u00e1ficos curvos","onde encontrar Stands para exposi\u00e7\u00f5es","onde encontrar Stands para feiras e exposi\u00e7\u00f5es","onde encontrar Stands personalizados para eventos","onde encontrar Stands port\u00e1teis para exposi\u00e7\u00f5es","onde encontrar Stands port\u00e1teis para feiras","onde encontrar Stands retr\u00e1teis para eventos","Stands curvos em alum\u00ednio em Osasco","Stands curvos em alum\u00ednio em s\u00e3o paulo","Stands curvos em alum\u00ednio em sp","Stands curvos em alum\u00ednio na Lapa","Stands curvos em alum\u00ednio na zona oeste","Stands curvos em alum\u00ednio no Jaguar\u00e9","Stands de exposi\u00e7\u00e3o curvos em Osasco","Stands de exposi\u00e7\u00e3o curvos em s\u00e3o paulo","Stands de exposi\u00e7\u00e3o curvos em sp","Stands de exposi\u00e7\u00e3o curvos na Lapa","Stands de exposi\u00e7\u00e3o curvos na zona oeste","Stands de exposi\u00e7\u00e3o curvos no Jaguar\u00e9","Stands flex\u00edveis para exposi\u00e7\u00f5es em Osasco","Stands flex\u00edveis para exposi\u00e7\u00f5es em s\u00e3o paulo","Stands flex\u00edveis para exposi\u00e7\u00f5es em sp","Stands flex\u00edveis para exposi\u00e7\u00f5es na Lapa","Stands flex\u00edveis para exposi\u00e7\u00f5es na zona oeste","Stands flex\u00edveis para exposi\u00e7\u00f5es no Jaguar\u00e9","Stands leves para eventos em Osasco","Stands leves para eventos em s\u00e3o paulo","Stands leves para eventos em sp","Stands leves para eventos na Lapa","Stands leves para eventos na zona oeste","Stands leves para eventos no Jaguar\u00e9","Stands modulares curvos em Osasco","Stands modulares curvos em s\u00e3o paulo","Stands modulares curvos em sp","Stands modulares curvos na Lapa","Stands modulares curvos na zona oeste","Stands modulares curvos no Jaguar\u00e9","Stands pantogr\u00e1ficos curvos em Osasco","Stands pantogr\u00e1ficos curvos em s\u00e3o paulo","Stands pantogr\u00e1ficos curvos em sp","Stands pantogr\u00e1ficos curvos na Lapa","Stands pantogr\u00e1ficos curvos na zona oeste","Stands pantogr\u00e1ficos curvos no Jaguar\u00e9","Stands para exposi\u00e7\u00f5es em Osasco","Stands para exposi\u00e7\u00f5es em s\u00e3o paulo","Stands para exposi\u00e7\u00f5es em sp","Stands para exposi\u00e7\u00f5es na Lapa","Stands para exposi\u00e7\u00f5es na zona oeste","Stands para exposi\u00e7\u00f5es no Jaguar\u00e9","Stands para feiras e exposi\u00e7\u00f5es em Osasco","Stands para feiras e exposi\u00e7\u00f5es em s\u00e3o paulo","Stands para feiras e exposi\u00e7\u00f5es em sp","Stands para feiras e exposi\u00e7\u00f5es na Lapa","Stands para feiras e exposi\u00e7\u00f5es na zona oeste","Stands para feiras e exposi\u00e7\u00f5es no Jaguar\u00e9","Stands personalizados para eventos em Osasco","Stands personalizados para eventos em s\u00e3o paulo","Stands personalizados para eventos em sp","Stands personalizados para eventos na Lapa","Stands personalizados para eventos na zona oeste","Stands personalizados para eventos no Jaguar\u00e9","Stands port\u00e1teis para exposi\u00e7\u00f5es em Osasco","Stands port\u00e1teis para exposi\u00e7\u00f5es em s\u00e3o paulo","Stands port\u00e1teis para exposi\u00e7\u00f5es em sp","Stands port\u00e1teis para exposi\u00e7\u00f5es na Lapa","Stands port\u00e1teis para exposi\u00e7\u00f5es na zona oeste","Stands port\u00e1teis para exposi\u00e7\u00f5es no Jaguar\u00e9","Stands port\u00e1teis para feiras em Osasco","Stands port\u00e1teis para feiras em s\u00e3o paulo","Stands port\u00e1teis para feiras em sp","Stands port\u00e1teis para feiras na Lapa","Stands port\u00e1teis para feiras na zona oeste","Stands port\u00e1teis para feiras no Jaguar\u00e9","Stands retr\u00e1teis para eventos em Osasco","Stands retr\u00e1teis para eventos em s\u00e3o paulo","Stands retr\u00e1teis para eventos em sp","Stands retr\u00e1teis para eventos na Lapa","Stands retr\u00e1teis para eventos na zona oeste","Stands retr\u00e1teis para eventos no Jaguar\u00e9"],"articleSection":["stands pantogr\u00e1ficos"],"inLanguage":"pt-BR","potentialAction":[{"@type":"CommentAction","name":"Comment","target":["https:\/\/www.dexpo.com.br\/blog\/stands-pantograficos-curvos-a-solucao-ideal-para-eventos-de-sucesso\/#respond"]}]},{"@type":"WebPage","@id":"https:\/\/www.dexpo.com.br\/blog\/stands-pantograficos-curvos-a-solucao-ideal-para-eventos-de-sucesso\/","url":"https:\/\/www.dexpo.com.br\/blog\/stands-pantograficos-curvos-a-solucao-ideal-para-eventos-de-sucesso\/","name":"Stands pantogr\u00e1ficos curvos: a solu\u00e7\u00e3o ideal para eventos de sucesso - Blog","isPartOf":{"@id":"https:\/\/www.dexpo.com.br\/blog\/#website"},"primaryImageOfPage":{"@id":"https:\/\/www.dexpo.com.br\/blog\/stands-pantograficos-curvos-a-solucao-ideal-para-eventos-de-sucesso\/#primaryimage"},"image":{"@id":"https:\/\/www.dexpo.com.br\/blog\/stands-pantograficos-curvos-a-solucao-ideal-para-eventos-de-sucesso\/#primaryimage"},"thumbnailUrl":"https:\/\/www.dexpo.com.br\/blog\/wp-content\/uploads\/2024\/09\/10-65b9557e40c3e.jpg","datePublished":"2024-09-05T14:20:00+00:00","dateModified":"2024-09-06T03:10:06+00:00","description":"Descubra como os stands pantogr\u00e1ficos curvos s\u00e3o flex\u00edveis, impactantes e f\u00e1ceis de montar, e destaque sua marca em feiras e exposi\u00e7\u00f5es.","breadcrumb":{"@id":"https:\/\/www.dexpo.com.br\/blog\/stands-pantograficos-curvos-a-solucao-ideal-para-eventos-de-sucesso\/#breadcrumb"},"inLanguage":"pt-BR","potentialAction":[{"@type":"ReadAction","target":["https:\/\/www.dexpo.com.br\/blog\/stands-pantograficos-curvos-a-solucao-ideal-para-eventos-de-sucesso\/"]}]},{"@type":"ImageObject","inLanguage":"pt-BR","@id":"https:\/\/www.dexpo.com.br\/blog\/stands-pantograficos-curvos-a-solucao-ideal-para-eventos-de-sucesso\/#primaryimage","url":"https:\/\/www.dexpo.com.br\/blog\/wp-content\/uploads\/2024\/09\/10-65b9557e40c3e.jpg","contentUrl":"https:\/\/www.dexpo.com.br\/blog\/wp-content\/uploads\/2024\/09\/10-65b9557e40c3e.jpg","width":1920,"height":1417,"caption":"Stands pantogr\u00e1ficos curvos: a solu\u00e7\u00e3o ideal para eventos de sucesso"},{"@type":"BreadcrumbList","@id":"https:\/\/www.dexpo.com.br\/blog\/stands-pantograficos-curvos-a-solucao-ideal-para-eventos-de-sucesso\/#breadcrumb","itemListElement":[{"@type":"ListItem","position":1,"name":"In\u00edcio","item":"https:\/\/www.dexpo.com.br\/blog\/"},{"@type":"ListItem","position":2,"name":"Stands pantogr\u00e1ficos curvos: a solu\u00e7\u00e3o ideal para eventos de sucesso"}]},{"@type":"WebSite","@id":"https:\/\/www.dexpo.com.br\/blog\/#website","url":"https:\/\/www.dexpo.com.br\/blog\/","name":"Blog","description":"Dexpo - Displays e Expositores Portateis","publisher":{"@id":"https:\/\/www.dexpo.com.br\/blog\/#organization"},"potentialAction":[{"@type":"SearchAction","target":{"@type":"EntryPoint","urlTemplate":"https:\/\/www.dexpo.com.br\/blog\/?s={search_term_string}"},"query-input":{"@type":"PropertyValueSpecification","valueRequired":true,"valueName":"search_term_string"}}],"inLanguage":"pt-BR"},{"@type":"Organization","@id":"https:\/\/www.dexpo.com.br\/blog\/#organization","name":"Blog","url":"https:\/\/www.dexpo.com.br\/blog\/","logo":{"@type":"ImageObject","inLanguage":"pt-BR","@id":"https:\/\/www.dexpo.com.br\/blog\/#\/schema\/logo\/image\/","url":"https:\/\/www.dexpo.com.br\/blog\/wp-content\/uploads\/2024\/02\/logo-7.png","contentUrl":"https:\/\/www.dexpo.com.br\/blog\/wp-content\/uploads\/2024\/02\/logo-7.png","width":412,"height":259,"caption":"Blog"},"image":{"@id":"https:\/\/www.dexpo.com.br\/blog\/#\/schema\/logo\/image\/"}},{"@type":"Person","@id":"https:\/\/www.dexpo.com.br\/blog\/#\/schema\/person\/6d0a8f9ebbccf41c1478cada680f3e87","name":"admin","image":{"@type":"ImageObject","inLanguage":"pt-BR","@id":"https:\/\/www.dexpo.com.br\/blog\/#\/schema\/person\/image\/","url":"https:\/\/secure.gravatar.com\/avatar\/94d94992e5dcccff24919365b24c228f2dc818bb6650ab086de97177901f17db?s=96&d=mm&r=g","contentUrl":"https:\/\/secure.gravatar.com\/avatar\/94d94992e5dcccff24919365b24c228f2dc818bb6650ab086de97177901f17db?s=96&d=mm&r=g","caption":"admin"},"sameAs":["https:\/\/www.dexpo.com.br\/blog"],"url":"https:\/\/www.dexpo.com.br\/blog\/author\/admin\/"}]}},"modified_by":"admin","_links":{"self":[{"href":"https:\/\/www.dexpo.com.br\/blog\/wp-json\/wp\/v2\/posts\/156","targetHints":{"allow":["GET"]}}],"collection":[{"href":"https:\/\/www.dexpo.com.br\/blog\/wp-json\/wp\/v2\/posts"}],"about":[{"href":"https:\/\/www.dexpo.com.br\/blog\/wp-json\/wp\/v2\/types\/post"}],"author":[{"embeddable":true,"href":"https:\/\/www.dexpo.com.br\/blog\/wp-json\/wp\/v2\/users\/1"}],"replies":[{"embeddable":true,"href":"https:\/\/www.dexpo.com.br\/blog\/wp-json\/wp\/v2\/comments?post=156"}],"version-history":[{"count":1,"href":"https:\/\/www.dexpo.com.br\/blog\/wp-json\/wp\/v2\/posts\/156\/revisions"}],"predecessor-version":[{"id":159,"href":"https:\/\/www.dexpo.com.br\/blog\/wp-json\/wp\/v2\/posts\/156\/revisions\/159"}],"wp:featuredmedia":[{"embeddable":true,"href":"https:\/\/www.dexpo.com.br\/blog\/wp-json\/wp\/v2\/media\/157"}],"wp:attachment":[{"href":"https:\/\/www.dexpo.com.br\/blog\/wp-json\/wp\/v2\/media?parent=156"}],"wp:term":[{"taxonomy":"category","embeddable":true,"href":"https:\/\/www.dexpo.com.br\/blog\/wp-json\/wp\/v2\/categories?post=156"},{"taxonomy":"post_tag","embeddable":true,"href":"https:\/\/www.dexpo.com.br\/blog\/wp-json\/wp\/v2\/tags?post=156"}],"curies":[{"name":"wp","href":"https:\/\/api.w.org\/{rel}","templated":true}]}}