{"id":253,"date":"2025-12-17T10:12:37","date_gmt":"2025-12-17T13:12:37","guid":{"rendered":"https:\/\/www.dexpo.com.br\/blog\/?p=253"},"modified":"2025-12-17T10:12:38","modified_gmt":"2025-12-17T13:12:38","slug":"monte-seu-evento-com-o-kit-montagem-de-estande-da-dexpo","status":"publish","type":"post","link":"https:\/\/www.dexpo.com.br\/blog\/monte-seu-evento-com-o-kit-montagem-de-estande-da-dexpo\/","title":{"rendered":"Monte seu evento com o kit montagem de estande da Dexpo"},"content":{"rendered":"<span class=\"span-reading-time rt-reading-time\" style=\"display: block;\"><span class=\"rt-label rt-prefix\">Tempo de leitura:<\/span> <span class=\"rt-time\"> 5<\/span> <span class=\"rt-label rt-postfix\">minutos<\/span><\/span>\n<p class=\"has-medium-font-size\"><strong><em>Descubra como o kit montagem de estande da Dexpo facilita sua presen\u00e7a em eventos, com praticidade, impacto visual e montagem r\u00e1pida.<\/em><\/strong><\/p>\n\n\n\n<p>Participar de eventos corporativos \u00e9 uma das formas mais eficazes de gerar novos neg\u00f3cios e fortalecer a imagem da marca. No entanto, o desafio de montar e transportar um estande sempre foi um obst\u00e1culo para muitas empresas. \u00c9 nesse ponto que o <strong>kit montagem de estande da Dexpo<\/strong> se destaca.<\/p>\n\n\n\n<p>Com design inteligente, montagem simplificada e impacto visual impressionante, o produto foi criado para tornar a experi\u00eancia de exposi\u00e7\u00e3o muito mais pr\u00e1tica e profissional. <strong>Em poucos minutos, sua marca est\u00e1 pronta para se destacar<\/strong>, sem depender de equipes t\u00e9cnicas ou estruturas complexas.<\/p>\n\n\n\n<p>Portanto, se a sua empresa participa com frequ\u00eancia de feiras, conven\u00e7\u00f5es ou ativa\u00e7\u00f5es de marca, este artigo vai mostrar por que o <strong>stand pantogr\u00e1fico da Dexpo<\/strong> \u00e9 a solu\u00e7\u00e3o perfeita para seus eventos.<\/p>\n\n\n\n<ul class=\"wp-block-list\">\n<li><a href=\"https:\/\/www.dexpo.com.br\/blog\/como-escolher-o-melhor-showcase-para-produtos\/\" target=\"_blank\" rel=\"noreferrer noopener\">Como escolher o melhor showcase para produtos<\/a><\/li>\n\n\n\n<li><a href=\"https:\/\/www.dexpo.com.br\/blog\/onde-encontrar-as-solucoes-para-pdv-ideais-para-o-seu-tipo-de-negocio\/\" target=\"_blank\" rel=\"noreferrer noopener\">Onde encontrar as solu\u00e7\u00f5es para PDV ideais para o seu tipo de neg\u00f3cio<\/a><\/li>\n<\/ul>\n\n\n\n<div id=\"ez-toc-container\" class=\"ez-toc-v2_0_75 counter-hierarchy ez-toc-counter ez-toc-grey ez-toc-container-direction\">\n<div class=\"ez-toc-title-container\">\n<p class=\"ez-toc-title\" style=\"cursor:inherit\">Sum\u00e1rio<\/p>\n<span class=\"ez-toc-title-toggle\"><a href=\"#\" class=\"ez-toc-pull-right ez-toc-btn ez-toc-btn-xs ez-toc-btn-default ez-toc-toggle\" aria-label=\"Alternar tabela de conte\u00fado\"><span class=\"ez-toc-js-icon-con\"><span class=\"\"><span class=\"eztoc-hide\" style=\"display:none;\">Toggle<\/span><span class=\"ez-toc-icon-toggle-span\"><svg style=\"fill: #999;color:#999\" xmlns=\"http:\/\/www.w3.org\/2000\/svg\" class=\"list-377408\" width=\"20px\" height=\"20px\" viewBox=\"0 0 24 24\" fill=\"none\"><path d=\"M6 6H4v2h2V6zm14 0H8v2h12V6zM4 11h2v2H4v-2zm16 0H8v2h12v-2zM4 16h2v2H4v-2zm16 0H8v2h12v-2z\" fill=\"currentColor\"><\/path><\/svg><svg style=\"fill: #999;color:#999\" class=\"arrow-unsorted-368013\" xmlns=\"http:\/\/www.w3.org\/2000\/svg\" width=\"10px\" height=\"10px\" viewBox=\"0 0 24 24\" version=\"1.2\" baseProfile=\"tiny\"><path d=\"M18.2 9.3l-6.2-6.3-6.2 6.3c-.2.2-.3.4-.3.7s.1.5.3.7c.2.2.4.3.7.3h11c.3 0 .5-.1.7-.3.2-.2.3-.5.3-.7s-.1-.5-.3-.7zM5.8 14.7l6.2 6.3 6.2-6.3c.2-.2.3-.5.3-.7s-.1-.5-.3-.7c-.2-.2-.4-.3-.7-.3h-11c-.3 0-.5.1-.7.3-.2.2-.3.5-.3.7s.1.5.3.7z\"\/><\/svg><\/span><\/span><\/span><\/a><\/span><\/div>\n<nav><ul class='ez-toc-list ez-toc-list-level-1 ' ><li class='ez-toc-page-1 ez-toc-heading-level-2'><a class=\"ez-toc-link ez-toc-heading-1\" href=\"https:\/\/www.dexpo.com.br\/blog\/monte-seu-evento-com-o-kit-montagem-de-estande-da-dexpo\/#Vantagens_do_kit_montagem_de_estande_da_Dexpo\" >Vantagens do kit montagem de estande da Dexpo<\/a><\/li><li class='ez-toc-page-1 ez-toc-heading-level-2'><a class=\"ez-toc-link ez-toc-heading-2\" href=\"https:\/\/www.dexpo.com.br\/blog\/monte-seu-evento-com-o-kit-montagem-de-estande-da-dexpo\/#Stand_pantografico_inovacao_e_praticidade_em_um_so_produto\" >Stand pantogr\u00e1fico: inova\u00e7\u00e3o e praticidade em um s\u00f3 produto<\/a><\/li><li class='ez-toc-page-1 ez-toc-heading-level-2'><a class=\"ez-toc-link ez-toc-heading-3\" href=\"https:\/\/www.dexpo.com.br\/blog\/monte-seu-evento-com-o-kit-montagem-de-estande-da-dexpo\/#Por_que_escolher_a_Dexpo_para_seus_eventos\" >Por que escolher a Dexpo para seus eventos?<\/a><\/li><li class='ez-toc-page-1 ez-toc-heading-level-2'><a class=\"ez-toc-link ez-toc-heading-4\" href=\"https:\/\/www.dexpo.com.br\/blog\/monte-seu-evento-com-o-kit-montagem-de-estande-da-dexpo\/#Como_montar_e_aproveitar_seu_stand_para_eventos\" >Como montar e aproveitar seu stand para eventos<\/a><\/li><li class='ez-toc-page-1 ez-toc-heading-level-2'><a class=\"ez-toc-link ez-toc-heading-5\" href=\"https:\/\/www.dexpo.com.br\/blog\/monte-seu-evento-com-o-kit-montagem-de-estande-da-dexpo\/#Transforme_seus_eventos_com_o_kit_montagem_de_estande_da_Dexpo\" >Transforme seus eventos com o kit montagem de estande da Dexpo<\/a><\/li><\/ul><\/nav><\/div>\n<h2 class=\"wp-block-heading\"><span class=\"ez-toc-section\" id=\"Vantagens_do_kit_montagem_de_estande_da_Dexpo\"><\/span>Vantagens do kit montagem de estande da Dexpo<span class=\"ez-toc-section-end\"><\/span><\/h2>\n\n\n\n<p>O <strong>kit montagem de estande da Dexpo<\/strong> foi desenvolvido para unir praticidade e sofistica\u00e7\u00e3o. Ele oferece <strong>mobilidade, economia e impacto visual<\/strong>, sendo ideal para empresas que participam de v\u00e1rios eventos ao longo do ano.<\/p>\n\n\n\n<p>Uma das maiores vantagens est\u00e1 na facilidade de montagem. O stand pode ser <strong>montado por apenas uma pessoa em cerca de 15 minutos<\/strong>, sem ferramentas especiais. Al\u00e9m disso, <strong>pode ser transportado em um carro comum ou at\u00e9 como bagagem acompanhada em um avi\u00e3o<\/strong>, o que elimina custos log\u00edsticos e torna o processo muito mais \u00e1gil.<\/p>\n\n\n\n<p>Outra caracter\u00edstica importante \u00e9 a <strong>versatilidade dos pain\u00e9is<\/strong>, que podem ser trocados a cada job. Isso significa que voc\u00ea pode personalizar o mesmo estande para diferentes campanhas, reduzindo gastos com novas estruturas. Portanto, o investimento \u00e9 \u00fanico, mas o uso \u00e9 cont\u00ednuo.<\/p>\n\n\n\n<p>Sendo assim, o <strong>kit montagem de estande Dexpo<\/strong> \u00e9 ideal para quem busca solu\u00e7\u00f5es inteligentes e sustent\u00e1veis para eventos, unindo praticidade, design e economia em um s\u00f3 produto.<\/p>\n\n\n\n<ul class=\"wp-block-list\">\n<li><a href=\"https:\/\/www.dexpo.com.br\/blog\/conheca-o-display-de-chao-para-pdv-da-dexpo\/\" target=\"_blank\" rel=\"noreferrer noopener\">Conhe\u00e7a o display de ch\u00e3o para PDV da Dexpo<\/a><\/li>\n<\/ul>\n\n\n\n<h2 class=\"wp-block-heading\"><span class=\"ez-toc-section\" id=\"Stand_pantografico_inovacao_e_praticidade_em_um_so_produto\"><\/span>Stand pantogr\u00e1fico: inova\u00e7\u00e3o e praticidade em um s\u00f3 produto<span class=\"ez-toc-section-end\"><\/span><\/h2>\n\n\n\n<p>O <strong>stand pantogr\u00e1fico Dexpo<\/strong> \u00e9 sin\u00f4nimo de inova\u00e7\u00e3o. Sua estrutura dobr\u00e1vel e leve foi pensada para simplificar a vida de quem organiza eventos. Por isso, o modelo se tornou o preferido de empresas que prezam pela efici\u00eancia sem abrir m\u00e3o da est\u00e9tica.<\/p>\n\n\n\n<p>Os pain\u00e9is de imagem possuem <strong>impress\u00e3o em resolu\u00e7\u00e3o fotogr\u00e1fica<\/strong> e s\u00e3o <strong>protegidos por filme de lamina\u00e7\u00e3o fosco<\/strong>, que reduz o reflexo e garante durabilidade. Al\u00e9m disso, a <strong>fixa\u00e7\u00e3o magn\u00e9tica polarizada<\/strong> permite que os pain\u00e9is se alinhem perfeitamente \u00e0 estrutura, garantindo um acabamento impec\u00e1vel.<\/p>\n\n\n\n<p>Em outras palavras, trata-se de um <strong>sistema modular inteligente<\/strong>, que combina tecnologia, design e facilidade de transporte. Ent\u00e3o, se o objetivo \u00e9 destacar sua marca em poucos minutos, sem complica\u00e7\u00f5es, o stand pantogr\u00e1fico \u00e9 a escolha certa.<\/p>\n\n\n\n<p>Portanto, com o <strong>kit montagem de estande da Dexpo<\/strong>, voc\u00ea garante <strong>mobilidade, personaliza\u00e7\u00e3o e presen\u00e7a marcante<\/strong> em qualquer ambiente.<\/p>\n\n\n\n<figure class=\"wp-block-image size-large\"><img loading=\"lazy\" decoding=\"async\" width=\"1024\" height=\"756\" src=\"https:\/\/www.dexpo.com.br\/blog\/wp-content\/uploads\/2025\/12\/08-65b95579b4a13-1024x756.webp\" alt=\"\" class=\"wp-image-254\" srcset=\"https:\/\/www.dexpo.com.br\/blog\/wp-content\/uploads\/2025\/12\/08-65b95579b4a13-1024x756.webp 1024w, https:\/\/www.dexpo.com.br\/blog\/wp-content\/uploads\/2025\/12\/08-65b95579b4a13-300x221.webp 300w, https:\/\/www.dexpo.com.br\/blog\/wp-content\/uploads\/2025\/12\/08-65b95579b4a13-768x567.webp 768w, https:\/\/www.dexpo.com.br\/blog\/wp-content\/uploads\/2025\/12\/08-65b95579b4a13-1536x1134.webp 1536w, https:\/\/www.dexpo.com.br\/blog\/wp-content\/uploads\/2025\/12\/08-65b95579b4a13-81x60.webp 81w, https:\/\/www.dexpo.com.br\/blog\/wp-content\/uploads\/2025\/12\/08-65b95579b4a13.webp 1920w\" sizes=\"auto, (max-width: 1024px) 100vw, 1024px\" \/><\/figure>\n\n\n\n<h2 class=\"wp-block-heading\"><span class=\"ez-toc-section\" id=\"Por_que_escolher_a_Dexpo_para_seus_eventos\"><\/span>Por que escolher a Dexpo para seus eventos?<span class=\"ez-toc-section-end\"><\/span><\/h2>\n\n\n\n<p>Escolher a <strong>Dexpo<\/strong> \u00e9 optar por uma empresa especializada em solu\u00e7\u00f5es de exposi\u00e7\u00e3o de alto desempenho. O compromisso com a qualidade e a praticidade \u00e9 o que diferencia seus produtos no mercado.<\/p>\n\n\n\n<p>A marca se destaca pela aten\u00e7\u00e3o aos detalhes \u2014 desde o design at\u00e9 a durabilidade dos materiais. Al\u00e9m disso, a Dexpo entende as necessidades reais de quem participa de eventos: <strong>agilidade, impacto visual e custo-benef\u00edcio<\/strong>.<\/p>\n\n\n\n<p>Por isso, seus kits de montagem s\u00e3o pensados para proporcionar <strong>resultados imediatos<\/strong>, permitindo que as empresas se concentrem no que realmente importa: <strong>atrair visitantes, apresentar seus produtos e fechar neg\u00f3cios<\/strong>.<\/p>\n\n\n\n<p>Sendo assim, investir em um <strong>kit montagem de estande Dexpo<\/strong> \u00e9 garantir um retorno consistente em cada evento, com uma estrutura moderna, adapt\u00e1vel e f\u00e1cil de gerenciar.<\/p>\n\n\n\n<h2 class=\"wp-block-heading\"><span class=\"ez-toc-section\" id=\"Como_montar_e_aproveitar_seu_stand_para_eventos\"><\/span>Como montar e aproveitar seu stand para eventos<span class=\"ez-toc-section-end\"><\/span><\/h2>\n\n\n\n<p>Montar o seu <strong>stand para eventos Dexpo<\/strong> \u00e9 simples, r\u00e1pido e eficiente. Veja abaixo como aproveitar ao m\u00e1ximo seu kit:<\/p>\n\n\n\n<ul class=\"wp-block-list\">\n<li><strong>Abra a estrutura pantogr\u00e1fica:<\/strong> em segundos, ela se expande e ganha forma sem necessidade de ferramentas.<\/li>\n\n\n\n<li><strong>Fixe os pain\u00e9is magn\u00e9ticos:<\/strong> o encaixe \u00e9 autom\u00e1tico e garante alinhamento perfeito.<\/li>\n\n\n\n<li><strong>Adicione ilumina\u00e7\u00e3o e acess\u00f3rios:<\/strong> conforme a configura\u00e7\u00e3o escolhida, para valorizar ainda mais sua marca.<\/li>\n\n\n\n<li><strong>Transporte com praticidade:<\/strong> o conjunto cabe em uma mala compacta e pode ser levado no carro ou avi\u00e3o.<\/li>\n\n\n\n<li><strong>Troque as imagens conforme o evento:<\/strong> assim, o mesmo estande se adapta a diferentes campanhas e p\u00fablicos.<\/li>\n<\/ul>\n\n\n\n<p>Portanto, o <strong>stand pantogr\u00e1fico Dexpo<\/strong> \u00e9 mais do que uma estrutura de exposi\u00e7\u00e3o \u2014 \u00e9 um investimento em visibilidade, flexibilidade e efici\u00eancia.<\/p>\n\n\n\n<h2 class=\"wp-block-heading\"><span class=\"ez-toc-section\" id=\"Transforme_seus_eventos_com_o_kit_montagem_de_estande_da_Dexpo\"><\/span>Transforme seus eventos com o kit montagem de estande da Dexpo<span class=\"ez-toc-section-end\"><\/span><\/h2>\n\n\n\n<p>O <strong>kit montagem de estande da Dexpo<\/strong> \u00e9 a solu\u00e7\u00e3o ideal para empresas que buscam impacto visual, praticidade e economia em seus eventos. Com montagem r\u00e1pida, design elegante e estrutura leve, ele permite que sua marca se destaque em qualquer ambiente.<\/p>\n\n\n\n<p>Al\u00e9m disso, o <strong>stand pantogr\u00e1fico<\/strong> oferece a liberdade de personaliza\u00e7\u00e3o e transporte simples, garantindo um excelente custo-benef\u00edcio a longo prazo. Portanto, se o seu objetivo \u00e9 otimizar tempo, reduzir custos e impressionar seu p\u00fablico, a Dexpo \u00e9 a parceira certa.<\/p>\n\n\n\n<p class=\"has-medium-font-size\"><strong><em><a href=\"https:\/\/www.dexpo.com.br\/contato\">Entre em contato<\/a> com a Dexpo e descubra como o kit montagem de estande pode transformar a presen\u00e7a da sua marca nos pr\u00f3ximos eventos.<\/em>Tags SEO<\/strong><\/p>\n","protected":false},"excerpt":{"rendered":"<p><span class=\"span-reading-time rt-reading-time\" style=\"display: block;\"><span class=\"rt-label rt-prefix\">Tempo de leitura:<\/span> <span class=\"rt-time\"> 5<\/span> <span class=\"rt-label rt-postfix\">minutos<\/span><\/span>Descubra como o kit montagem de estande da Dexpo facilita sua presen\u00e7a em eventos, com praticidade, impacto visual e montagem r\u00e1pida. Participar de eventos corporativos \u00e9 uma das formas mais eficazes de gerar novos neg\u00f3cios e fortalecer a imagem da marca. No entanto, o desafio de montar e transportar um estande sempre foi um obst\u00e1culo &hellip; <\/p>\n","protected":false},"author":1,"featured_media":255,"comment_status":"open","ping_status":"open","sticky":false,"template":"","format":"standard","meta":{"_lmt_disableupdate":"","_lmt_disable":"","footnotes":""},"categories":[2263],"tags":[3738,3711,3740,3735,3739,3734,3726,3737,3732,3723,3729,3736,3724,3728,3730,3733,3731,3727,3725,3594],"class_list":["post-253","post","type-post","status-publish","format-standard","has-post-thumbnail","hentry","category-stands-pantograficos","tag-design-de-estande-profissional","tag-dexpo","tag-empresa-de-montagem-de-stands","tag-equipamento-de-exposicao-portatil","tag-estande-com-transporte-simples","tag-estande-para-feiras-e-convencoes","tag-estrutura-de-stand-dobravel","tag-estrutura-de-stand-pratica","tag-kit-de-estande-facil-de-montar","tag-kit-montagem-de-estande","tag-kit-para-eventos-corporativos","tag-montagem-de-estande-sem-ferramentas","tag-montagem-de-stand","tag-montagem-rapida-de-stand","tag-paineis-magneticos-para-estande","tag-paineis-personalizaveis-para-stand","tag-solucao-de-exposicao-para-empresas","tag-stand-leve-e-portatil","tag-stand-pantografico","tag-stand-para-eventos","latest_post"],"yoast_head":"<!-- This site is optimized with the Yoast SEO plugin v25.5 - https:\/\/yoast.com\/wordpress\/plugins\/seo\/ -->\n<title>Monte seu evento com o kit montagem de estande da Dexpo - Blog<\/title>\n<meta name=\"description\" content=\"Descubra como o kit montagem de estande da Dexpo facilita sua presen\u00e7a em eventos, com praticidade, impacto visual e montagem r\u00e1pida.\" \/>\n<meta name=\"robots\" content=\"index, follow, max-snippet:-1, max-image-preview:large, max-video-preview:-1\" \/>\n<link rel=\"canonical\" href=\"https:\/\/www.dexpo.com.br\/blog\/monte-seu-evento-com-o-kit-montagem-de-estande-da-dexpo\/\" \/>\n<meta property=\"og:locale\" content=\"pt_BR\" \/>\n<meta property=\"og:type\" content=\"article\" \/>\n<meta property=\"og:title\" content=\"Monte seu evento com o kit montagem de estande da Dexpo - Blog\" \/>\n<meta property=\"og:description\" content=\"Descubra como o kit montagem de estande da Dexpo facilita sua presen\u00e7a em eventos, com praticidade, impacto visual e montagem r\u00e1pida.\" \/>\n<meta property=\"og:url\" content=\"https:\/\/www.dexpo.com.br\/blog\/monte-seu-evento-com-o-kit-montagem-de-estande-da-dexpo\/\" \/>\n<meta property=\"og:site_name\" content=\"Blog\" \/>\n<meta property=\"article:published_time\" content=\"2025-12-17T13:12:37+00:00\" \/>\n<meta property=\"article:modified_time\" content=\"2025-12-17T13:12:38+00:00\" \/>\n<meta property=\"og:image\" content=\"https:\/\/www.dexpo.com.br\/blog\/wp-content\/uploads\/2025\/12\/879968-1.jpg\" \/>\n\t<meta property=\"og:image:width\" content=\"1000\" \/>\n\t<meta property=\"og:image:height\" content=\"560\" \/>\n\t<meta property=\"og:image:type\" content=\"image\/jpeg\" \/>\n<meta name=\"author\" content=\"admin\" \/>\n<meta name=\"twitter:card\" content=\"summary_large_image\" \/>\n<meta name=\"twitter:label1\" content=\"Escrito por\" \/>\n\t<meta name=\"twitter:data1\" content=\"admin\" \/>\n\t<meta name=\"twitter:label2\" content=\"Est. tempo de leitura\" \/>\n\t<meta name=\"twitter:data2\" content=\"6 minutos\" \/>\n<script type=\"application\/ld+json\" class=\"yoast-schema-graph\">{\"@context\":\"https:\/\/schema.org\",\"@graph\":[{\"@type\":\"Article\",\"@id\":\"https:\/\/www.dexpo.com.br\/blog\/monte-seu-evento-com-o-kit-montagem-de-estande-da-dexpo\/#article\",\"isPartOf\":{\"@id\":\"https:\/\/www.dexpo.com.br\/blog\/monte-seu-evento-com-o-kit-montagem-de-estande-da-dexpo\/\"},\"author\":{\"name\":\"admin\",\"@id\":\"https:\/\/www.dexpo.com.br\/blog\/#\/schema\/person\/6d0a8f9ebbccf41c1478cada680f3e87\"},\"headline\":\"Monte seu evento com o kit montagem de estande da Dexpo\",\"datePublished\":\"2025-12-17T13:12:37+00:00\",\"dateModified\":\"2025-12-17T13:12:38+00:00\",\"mainEntityOfPage\":{\"@id\":\"https:\/\/www.dexpo.com.br\/blog\/monte-seu-evento-com-o-kit-montagem-de-estande-da-dexpo\/\"},\"wordCount\":940,\"commentCount\":0,\"publisher\":{\"@id\":\"https:\/\/www.dexpo.com.br\/blog\/#organization\"},\"image\":{\"@id\":\"https:\/\/www.dexpo.com.br\/blog\/monte-seu-evento-com-o-kit-montagem-de-estande-da-dexpo\/#primaryimage\"},\"thumbnailUrl\":\"https:\/\/www.dexpo.com.br\/blog\/wp-content\/uploads\/2025\/12\/879968-1.jpg\",\"keywords\":[\"design de estande profissional\",\"Dexpo\",\"empresa de montagem de stands\",\"equipamento de exposi\u00e7\u00e3o port\u00e1til\",\"estande com transporte simples\",\"estande para feiras e conven\u00e7\u00f5es\",\"estrutura de stand dobr\u00e1vel\",\"estrutura de stand pr\u00e1tica\",\"kit de estande f\u00e1cil de montar\",\"kit montagem de estande\",\"kit para eventos corporativos\",\"montagem de estande sem ferramentas\",\"montagem de stand\",\"montagem r\u00e1pida de stand\",\"pain\u00e9is magn\u00e9ticos para estande\",\"pain\u00e9is personaliz\u00e1veis para stand\",\"solu\u00e7\u00e3o de exposi\u00e7\u00e3o para empresas\",\"stand leve e port\u00e1til\",\"stand pantogr\u00e1fico\",\"stand para eventos\"],\"articleSection\":[\"stands pantogr\u00e1ficos\"],\"inLanguage\":\"pt-BR\",\"potentialAction\":[{\"@type\":\"CommentAction\",\"name\":\"Comment\",\"target\":[\"https:\/\/www.dexpo.com.br\/blog\/monte-seu-evento-com-o-kit-montagem-de-estande-da-dexpo\/#respond\"]}]},{\"@type\":\"WebPage\",\"@id\":\"https:\/\/www.dexpo.com.br\/blog\/monte-seu-evento-com-o-kit-montagem-de-estande-da-dexpo\/\",\"url\":\"https:\/\/www.dexpo.com.br\/blog\/monte-seu-evento-com-o-kit-montagem-de-estande-da-dexpo\/\",\"name\":\"Monte seu evento com o kit montagem de estande da Dexpo - Blog\",\"isPartOf\":{\"@id\":\"https:\/\/www.dexpo.com.br\/blog\/#website\"},\"primaryImageOfPage\":{\"@id\":\"https:\/\/www.dexpo.com.br\/blog\/monte-seu-evento-com-o-kit-montagem-de-estande-da-dexpo\/#primaryimage\"},\"image\":{\"@id\":\"https:\/\/www.dexpo.com.br\/blog\/monte-seu-evento-com-o-kit-montagem-de-estande-da-dexpo\/#primaryimage\"},\"thumbnailUrl\":\"https:\/\/www.dexpo.com.br\/blog\/wp-content\/uploads\/2025\/12\/879968-1.jpg\",\"datePublished\":\"2025-12-17T13:12:37+00:00\",\"dateModified\":\"2025-12-17T13:12:38+00:00\",\"description\":\"Descubra como o kit montagem de estande da Dexpo facilita sua presen\u00e7a em eventos, com praticidade, impacto visual e montagem r\u00e1pida.\",\"breadcrumb\":{\"@id\":\"https:\/\/www.dexpo.com.br\/blog\/monte-seu-evento-com-o-kit-montagem-de-estande-da-dexpo\/#breadcrumb\"},\"inLanguage\":\"pt-BR\",\"potentialAction\":[{\"@type\":\"ReadAction\",\"target\":[\"https:\/\/www.dexpo.com.br\/blog\/monte-seu-evento-com-o-kit-montagem-de-estande-da-dexpo\/\"]}]},{\"@type\":\"ImageObject\",\"inLanguage\":\"pt-BR\",\"@id\":\"https:\/\/www.dexpo.com.br\/blog\/monte-seu-evento-com-o-kit-montagem-de-estande-da-dexpo\/#primaryimage\",\"url\":\"https:\/\/www.dexpo.com.br\/blog\/wp-content\/uploads\/2025\/12\/879968-1.jpg\",\"contentUrl\":\"https:\/\/www.dexpo.com.br\/blog\/wp-content\/uploads\/2025\/12\/879968-1.jpg\",\"width\":1000,\"height\":560,\"caption\":\"Monte seu evento com o kit montagem de estande da Dexpo\"},{\"@type\":\"BreadcrumbList\",\"@id\":\"https:\/\/www.dexpo.com.br\/blog\/monte-seu-evento-com-o-kit-montagem-de-estande-da-dexpo\/#breadcrumb\",\"itemListElement\":[{\"@type\":\"ListItem\",\"position\":1,\"name\":\"In\u00edcio\",\"item\":\"https:\/\/www.dexpo.com.br\/blog\/\"},{\"@type\":\"ListItem\",\"position\":2,\"name\":\"Monte seu evento com o kit montagem de estande da Dexpo\"}]},{\"@type\":\"WebSite\",\"@id\":\"https:\/\/www.dexpo.com.br\/blog\/#website\",\"url\":\"https:\/\/www.dexpo.com.br\/blog\/\",\"name\":\"Blog\",\"description\":\"Dexpo - Displays e Expositores Portateis\",\"publisher\":{\"@id\":\"https:\/\/www.dexpo.com.br\/blog\/#organization\"},\"potentialAction\":[{\"@type\":\"SearchAction\",\"target\":{\"@type\":\"EntryPoint\",\"urlTemplate\":\"https:\/\/www.dexpo.com.br\/blog\/?s={search_term_string}\"},\"query-input\":{\"@type\":\"PropertyValueSpecification\",\"valueRequired\":true,\"valueName\":\"search_term_string\"}}],\"inLanguage\":\"pt-BR\"},{\"@type\":\"Organization\",\"@id\":\"https:\/\/www.dexpo.com.br\/blog\/#organization\",\"name\":\"Blog\",\"url\":\"https:\/\/www.dexpo.com.br\/blog\/\",\"logo\":{\"@type\":\"ImageObject\",\"inLanguage\":\"pt-BR\",\"@id\":\"https:\/\/www.dexpo.com.br\/blog\/#\/schema\/logo\/image\/\",\"url\":\"https:\/\/www.dexpo.com.br\/blog\/wp-content\/uploads\/2024\/02\/logo-7.png\",\"contentUrl\":\"https:\/\/www.dexpo.com.br\/blog\/wp-content\/uploads\/2024\/02\/logo-7.png\",\"width\":412,\"height\":259,\"caption\":\"Blog\"},\"image\":{\"@id\":\"https:\/\/www.dexpo.com.br\/blog\/#\/schema\/logo\/image\/\"}},{\"@type\":\"Person\",\"@id\":\"https:\/\/www.dexpo.com.br\/blog\/#\/schema\/person\/6d0a8f9ebbccf41c1478cada680f3e87\",\"name\":\"admin\",\"image\":{\"@type\":\"ImageObject\",\"inLanguage\":\"pt-BR\",\"@id\":\"https:\/\/www.dexpo.com.br\/blog\/#\/schema\/person\/image\/\",\"url\":\"https:\/\/secure.gravatar.com\/avatar\/94d94992e5dcccff24919365b24c228f2dc818bb6650ab086de97177901f17db?s=96&d=mm&r=g\",\"contentUrl\":\"https:\/\/secure.gravatar.com\/avatar\/94d94992e5dcccff24919365b24c228f2dc818bb6650ab086de97177901f17db?s=96&d=mm&r=g\",\"caption\":\"admin\"},\"sameAs\":[\"https:\/\/www.dexpo.com.br\/blog\"],\"url\":\"https:\/\/www.dexpo.com.br\/blog\/author\/admin\/\"}]}<\/script>\n<!-- \/ Yoast SEO plugin. -->","yoast_head_json":{"title":"Monte seu evento com o kit montagem de estande da Dexpo - Blog","description":"Descubra como o kit montagem de estande da Dexpo facilita sua presen\u00e7a em eventos, com praticidade, impacto visual e montagem r\u00e1pida.","robots":{"index":"index","follow":"follow","max-snippet":"max-snippet:-1","max-image-preview":"max-image-preview:large","max-video-preview":"max-video-preview:-1"},"canonical":"https:\/\/www.dexpo.com.br\/blog\/monte-seu-evento-com-o-kit-montagem-de-estande-da-dexpo\/","og_locale":"pt_BR","og_type":"article","og_title":"Monte seu evento com o kit montagem de estande da Dexpo - Blog","og_description":"Descubra como o kit montagem de estande da Dexpo facilita sua presen\u00e7a em eventos, com praticidade, impacto visual e montagem r\u00e1pida.","og_url":"https:\/\/www.dexpo.com.br\/blog\/monte-seu-evento-com-o-kit-montagem-de-estande-da-dexpo\/","og_site_name":"Blog","article_published_time":"2025-12-17T13:12:37+00:00","article_modified_time":"2025-12-17T13:12:38+00:00","og_image":[{"width":1000,"height":560,"url":"https:\/\/www.dexpo.com.br\/blog\/wp-content\/uploads\/2025\/12\/879968-1.jpg","type":"image\/jpeg"}],"author":"admin","twitter_card":"summary_large_image","twitter_misc":{"Escrito por":"admin","Est. tempo de leitura":"6 minutos"},"schema":{"@context":"https:\/\/schema.org","@graph":[{"@type":"Article","@id":"https:\/\/www.dexpo.com.br\/blog\/monte-seu-evento-com-o-kit-montagem-de-estande-da-dexpo\/#article","isPartOf":{"@id":"https:\/\/www.dexpo.com.br\/blog\/monte-seu-evento-com-o-kit-montagem-de-estande-da-dexpo\/"},"author":{"name":"admin","@id":"https:\/\/www.dexpo.com.br\/blog\/#\/schema\/person\/6d0a8f9ebbccf41c1478cada680f3e87"},"headline":"Monte seu evento com o kit montagem de estande da Dexpo","datePublished":"2025-12-17T13:12:37+00:00","dateModified":"2025-12-17T13:12:38+00:00","mainEntityOfPage":{"@id":"https:\/\/www.dexpo.com.br\/blog\/monte-seu-evento-com-o-kit-montagem-de-estande-da-dexpo\/"},"wordCount":940,"commentCount":0,"publisher":{"@id":"https:\/\/www.dexpo.com.br\/blog\/#organization"},"image":{"@id":"https:\/\/www.dexpo.com.br\/blog\/monte-seu-evento-com-o-kit-montagem-de-estande-da-dexpo\/#primaryimage"},"thumbnailUrl":"https:\/\/www.dexpo.com.br\/blog\/wp-content\/uploads\/2025\/12\/879968-1.jpg","keywords":["design de estande profissional","Dexpo","empresa de montagem de stands","equipamento de exposi\u00e7\u00e3o port\u00e1til","estande com transporte simples","estande para feiras e conven\u00e7\u00f5es","estrutura de stand dobr\u00e1vel","estrutura de stand pr\u00e1tica","kit de estande f\u00e1cil de montar","kit montagem de estande","kit para eventos corporativos","montagem de estande sem ferramentas","montagem de stand","montagem r\u00e1pida de stand","pain\u00e9is magn\u00e9ticos para estande","pain\u00e9is personaliz\u00e1veis para stand","solu\u00e7\u00e3o de exposi\u00e7\u00e3o para empresas","stand leve e port\u00e1til","stand pantogr\u00e1fico","stand para eventos"],"articleSection":["stands pantogr\u00e1ficos"],"inLanguage":"pt-BR","potentialAction":[{"@type":"CommentAction","name":"Comment","target":["https:\/\/www.dexpo.com.br\/blog\/monte-seu-evento-com-o-kit-montagem-de-estande-da-dexpo\/#respond"]}]},{"@type":"WebPage","@id":"https:\/\/www.dexpo.com.br\/blog\/monte-seu-evento-com-o-kit-montagem-de-estande-da-dexpo\/","url":"https:\/\/www.dexpo.com.br\/blog\/monte-seu-evento-com-o-kit-montagem-de-estande-da-dexpo\/","name":"Monte seu evento com o kit montagem de estande da Dexpo - Blog","isPartOf":{"@id":"https:\/\/www.dexpo.com.br\/blog\/#website"},"primaryImageOfPage":{"@id":"https:\/\/www.dexpo.com.br\/blog\/monte-seu-evento-com-o-kit-montagem-de-estande-da-dexpo\/#primaryimage"},"image":{"@id":"https:\/\/www.dexpo.com.br\/blog\/monte-seu-evento-com-o-kit-montagem-de-estande-da-dexpo\/#primaryimage"},"thumbnailUrl":"https:\/\/www.dexpo.com.br\/blog\/wp-content\/uploads\/2025\/12\/879968-1.jpg","datePublished":"2025-12-17T13:12:37+00:00","dateModified":"2025-12-17T13:12:38+00:00","description":"Descubra como o kit montagem de estande da Dexpo facilita sua presen\u00e7a em eventos, com praticidade, impacto visual e montagem r\u00e1pida.","breadcrumb":{"@id":"https:\/\/www.dexpo.com.br\/blog\/monte-seu-evento-com-o-kit-montagem-de-estande-da-dexpo\/#breadcrumb"},"inLanguage":"pt-BR","potentialAction":[{"@type":"ReadAction","target":["https:\/\/www.dexpo.com.br\/blog\/monte-seu-evento-com-o-kit-montagem-de-estande-da-dexpo\/"]}]},{"@type":"ImageObject","inLanguage":"pt-BR","@id":"https:\/\/www.dexpo.com.br\/blog\/monte-seu-evento-com-o-kit-montagem-de-estande-da-dexpo\/#primaryimage","url":"https:\/\/www.dexpo.com.br\/blog\/wp-content\/uploads\/2025\/12\/879968-1.jpg","contentUrl":"https:\/\/www.dexpo.com.br\/blog\/wp-content\/uploads\/2025\/12\/879968-1.jpg","width":1000,"height":560,"caption":"Monte seu evento com o kit montagem de estande da Dexpo"},{"@type":"BreadcrumbList","@id":"https:\/\/www.dexpo.com.br\/blog\/monte-seu-evento-com-o-kit-montagem-de-estande-da-dexpo\/#breadcrumb","itemListElement":[{"@type":"ListItem","position":1,"name":"In\u00edcio","item":"https:\/\/www.dexpo.com.br\/blog\/"},{"@type":"ListItem","position":2,"name":"Monte seu evento com o kit montagem de estande da Dexpo"}]},{"@type":"WebSite","@id":"https:\/\/www.dexpo.com.br\/blog\/#website","url":"https:\/\/www.dexpo.com.br\/blog\/","name":"Blog","description":"Dexpo - Displays e Expositores Portateis","publisher":{"@id":"https:\/\/www.dexpo.com.br\/blog\/#organization"},"potentialAction":[{"@type":"SearchAction","target":{"@type":"EntryPoint","urlTemplate":"https:\/\/www.dexpo.com.br\/blog\/?s={search_term_string}"},"query-input":{"@type":"PropertyValueSpecification","valueRequired":true,"valueName":"search_term_string"}}],"inLanguage":"pt-BR"},{"@type":"Organization","@id":"https:\/\/www.dexpo.com.br\/blog\/#organization","name":"Blog","url":"https:\/\/www.dexpo.com.br\/blog\/","logo":{"@type":"ImageObject","inLanguage":"pt-BR","@id":"https:\/\/www.dexpo.com.br\/blog\/#\/schema\/logo\/image\/","url":"https:\/\/www.dexpo.com.br\/blog\/wp-content\/uploads\/2024\/02\/logo-7.png","contentUrl":"https:\/\/www.dexpo.com.br\/blog\/wp-content\/uploads\/2024\/02\/logo-7.png","width":412,"height":259,"caption":"Blog"},"image":{"@id":"https:\/\/www.dexpo.com.br\/blog\/#\/schema\/logo\/image\/"}},{"@type":"Person","@id":"https:\/\/www.dexpo.com.br\/blog\/#\/schema\/person\/6d0a8f9ebbccf41c1478cada680f3e87","name":"admin","image":{"@type":"ImageObject","inLanguage":"pt-BR","@id":"https:\/\/www.dexpo.com.br\/blog\/#\/schema\/person\/image\/","url":"https:\/\/secure.gravatar.com\/avatar\/94d94992e5dcccff24919365b24c228f2dc818bb6650ab086de97177901f17db?s=96&d=mm&r=g","contentUrl":"https:\/\/secure.gravatar.com\/avatar\/94d94992e5dcccff24919365b24c228f2dc818bb6650ab086de97177901f17db?s=96&d=mm&r=g","caption":"admin"},"sameAs":["https:\/\/www.dexpo.com.br\/blog"],"url":"https:\/\/www.dexpo.com.br\/blog\/author\/admin\/"}]}},"modified_by":"admin","_links":{"self":[{"href":"https:\/\/www.dexpo.com.br\/blog\/wp-json\/wp\/v2\/posts\/253","targetHints":{"allow":["GET"]}}],"collection":[{"href":"https:\/\/www.dexpo.com.br\/blog\/wp-json\/wp\/v2\/posts"}],"about":[{"href":"https:\/\/www.dexpo.com.br\/blog\/wp-json\/wp\/v2\/types\/post"}],"author":[{"embeddable":true,"href":"https:\/\/www.dexpo.com.br\/blog\/wp-json\/wp\/v2\/users\/1"}],"replies":[{"embeddable":true,"href":"https:\/\/www.dexpo.com.br\/blog\/wp-json\/wp\/v2\/comments?post=253"}],"version-history":[{"count":1,"href":"https:\/\/www.dexpo.com.br\/blog\/wp-json\/wp\/v2\/posts\/253\/revisions"}],"predecessor-version":[{"id":256,"href":"https:\/\/www.dexpo.com.br\/blog\/wp-json\/wp\/v2\/posts\/253\/revisions\/256"}],"wp:featuredmedia":[{"embeddable":true,"href":"https:\/\/www.dexpo.com.br\/blog\/wp-json\/wp\/v2\/media\/255"}],"wp:attachment":[{"href":"https:\/\/www.dexpo.com.br\/blog\/wp-json\/wp\/v2\/media?parent=253"}],"wp:term":[{"taxonomy":"category","embeddable":true,"href":"https:\/\/www.dexpo.com.br\/blog\/wp-json\/wp\/v2\/categories?post=253"},{"taxonomy":"post_tag","embeddable":true,"href":"https:\/\/www.dexpo.com.br\/blog\/wp-json\/wp\/v2\/tags?post=253"}],"curies":[{"name":"wp","href":"https:\/\/api.w.org\/{rel}","templated":true}]}}