{"id":88,"date":"2024-11-28T10:21:07","date_gmt":"2024-11-28T13:21:07","guid":{"rendered":"https:\/\/www.dexpo.com.br\/blog\/?p=88"},"modified":"2024-11-28T23:33:33","modified_gmt":"2024-11-29T02:33:33","slug":"estandes-para-eventos-as-melhores-solucoes-para-sua-empresa","status":"publish","type":"post","link":"https:\/\/www.dexpo.com.br\/blog\/estandes-para-eventos-as-melhores-solucoes-para-sua-empresa\/","title":{"rendered":"Estandes para eventos: as melhores solu\u00e7\u00f5es para sua empresa"},"content":{"rendered":"<span class=\"span-reading-time rt-reading-time\" style=\"display: block;\"><span class=\"rt-label rt-prefix\">Tempo de leitura:<\/span> <span class=\"rt-time\"> 4<\/span> <span class=\"rt-label rt-postfix\">minutos<\/span><\/span>\n<p class=\"has-medium-font-size\"><strong><em>Descubra os melhores estandes para eventos, suas especificidades e principais benef\u00edcios com a Dexpo.<\/em><\/strong><\/p>\n\n\n\n<p>No competitivo mundo das feiras e eventos, a escolha do estande certo pode fazer toda a diferen\u00e7a.&nbsp;<\/p>\n\n\n\n<p>Com tantas op\u00e7\u00f5es dispon\u00edveis, pode ser desafiador decidir qual se adapta melhor \u00e0s suas necessidades.&nbsp;<\/p>\n\n\n\n<p>Neste artigo, exploraremos algumas das melhores op\u00e7\u00f5es de estandes para eventos, oferecendo solu\u00e7\u00f5es pr\u00e1ticas e estilosas para garantir que seu evento seja um sucesso.<\/p>\n\n\n\n<ul class=\"wp-block-list\">\n<li><a href=\"https:\/\/www.dexpo.com.br\/blog\/balcao-pantografico-praticidade-para-o-seu-evento\/\">Estandes para eventos: as melhores solu\u00e7\u00f5es para sua empresa<\/a><\/li>\n<\/ul>\n\n\n\n<div id=\"ez-toc-container\" class=\"ez-toc-v2_0_75 counter-hierarchy ez-toc-counter ez-toc-grey ez-toc-container-direction\">\n<div class=\"ez-toc-title-container\">\n<p class=\"ez-toc-title\" style=\"cursor:inherit\">Sum\u00e1rio<\/p>\n<span class=\"ez-toc-title-toggle\"><a href=\"#\" class=\"ez-toc-pull-right ez-toc-btn ez-toc-btn-xs ez-toc-btn-default ez-toc-toggle\" aria-label=\"Alternar tabela de conte\u00fado\"><span class=\"ez-toc-js-icon-con\"><span class=\"\"><span class=\"eztoc-hide\" style=\"display:none;\">Toggle<\/span><span class=\"ez-toc-icon-toggle-span\"><svg style=\"fill: #999;color:#999\" xmlns=\"http:\/\/www.w3.org\/2000\/svg\" class=\"list-377408\" width=\"20px\" height=\"20px\" viewBox=\"0 0 24 24\" fill=\"none\"><path d=\"M6 6H4v2h2V6zm14 0H8v2h12V6zM4 11h2v2H4v-2zm16 0H8v2h12v-2zM4 16h2v2H4v-2zm16 0H8v2h12v-2z\" fill=\"currentColor\"><\/path><\/svg><svg style=\"fill: #999;color:#999\" class=\"arrow-unsorted-368013\" xmlns=\"http:\/\/www.w3.org\/2000\/svg\" width=\"10px\" height=\"10px\" viewBox=\"0 0 24 24\" version=\"1.2\" baseProfile=\"tiny\"><path d=\"M18.2 9.3l-6.2-6.3-6.2 6.3c-.2.2-.3.4-.3.7s.1.5.3.7c.2.2.4.3.7.3h11c.3 0 .5-.1.7-.3.2-.2.3-.5.3-.7s-.1-.5-.3-.7zM5.8 14.7l6.2 6.3 6.2-6.3c.2-.2.3-.5.3-.7s-.1-.5-.3-.7c-.2-.2-.4-.3-.7-.3h-11c-.3 0-.5.1-.7.3-.2.2-.3.5-.3.7s.1.5.3.7z\"\/><\/svg><\/span><\/span><\/span><\/a><\/span><\/div>\n<nav><ul class='ez-toc-list ez-toc-list-level-1 ' ><li class='ez-toc-page-1 ez-toc-heading-level-2'><a class=\"ez-toc-link ez-toc-heading-1\" href=\"https:\/\/www.dexpo.com.br\/blog\/estandes-para-eventos-as-melhores-solucoes-para-sua-empresa\/#Stands_pantograficos_a_solucao_dinamica_para_eventos\" >Stands pantogr\u00e1ficos: a solu\u00e7\u00e3o din\u00e2mica para eventos<\/a><\/li><li class='ez-toc-page-1 ez-toc-heading-level-2'><a class=\"ez-toc-link ez-toc-heading-2\" href=\"https:\/\/www.dexpo.com.br\/blog\/estandes-para-eventos-as-melhores-solucoes-para-sua-empresa\/#Paineis_modulares_uma_especialidade_Dexpo\" >Pain\u00e9is modulares: uma especialidade Dexpo<\/a><\/li><li class='ez-toc-page-1 ez-toc-heading-level-2'><a class=\"ez-toc-link ez-toc-heading-3\" href=\"https:\/\/www.dexpo.com.br\/blog\/estandes-para-eventos-as-melhores-solucoes-para-sua-empresa\/#Porta_banners_praticidade_e_eficiencia\" >Porta banners: praticidade e efici\u00eancia<\/a><\/li><li class='ez-toc-page-1 ez-toc-heading-level-2'><a class=\"ez-toc-link ez-toc-heading-4\" href=\"https:\/\/www.dexpo.com.br\/blog\/estandes-para-eventos-as-melhores-solucoes-para-sua-empresa\/#Balcoes_versatilidade_para_todo_tipo_de_evento\" >Balc\u00f5es: versatilidade para todo tipo de evento<\/a><ul class='ez-toc-list-level-3' ><li class='ez-toc-heading-level-3'><a class=\"ez-toc-link ez-toc-heading-5\" href=\"https:\/\/www.dexpo.com.br\/blog\/estandes-para-eventos-as-melhores-solucoes-para-sua-empresa\/#Balcao_pantografico\" >Balc\u00e3o pantogr\u00e1fico<\/a><\/li><li class='ez-toc-page-1 ez-toc-heading-level-3'><a class=\"ez-toc-link ez-toc-heading-6\" href=\"https:\/\/www.dexpo.com.br\/blog\/estandes-para-eventos-as-melhores-solucoes-para-sua-empresa\/#Balcao_dobravel\" >Balc\u00e3o dobr\u00e1vel<\/a><\/li><li class='ez-toc-page-1 ez-toc-heading-level-3'><a class=\"ez-toc-link ez-toc-heading-7\" href=\"https:\/\/www.dexpo.com.br\/blog\/estandes-para-eventos-as-melhores-solucoes-para-sua-empresa\/#Balcao_PMP\" >Balc\u00e3o PMP<\/a><\/li><\/ul><\/li><li class='ez-toc-page-1 ez-toc-heading-level-2'><a class=\"ez-toc-link ez-toc-heading-8\" href=\"https:\/\/www.dexpo.com.br\/blog\/estandes-para-eventos-as-melhores-solucoes-para-sua-empresa\/#Prateleiras_flexibilidade_e_design_em_destaque\" >Prateleiras: flexibilidade e design em destaque<\/a><\/li><li class='ez-toc-page-1 ez-toc-heading-level-2'><a class=\"ez-toc-link ez-toc-heading-9\" href=\"https:\/\/www.dexpo.com.br\/blog\/estandes-para-eventos-as-melhores-solucoes-para-sua-empresa\/#Dexpo_excelencia_em_estandes_para_eventos\" >Dexpo: excel\u00eancia em estandes para eventos<\/a><\/li><\/ul><\/nav><\/div>\n<h2 class=\"wp-block-heading\"><span class=\"ez-toc-section\" id=\"Stands_pantograficos_a_solucao_dinamica_para_eventos\"><\/span>Stands pantogr\u00e1ficos: a solu\u00e7\u00e3o din\u00e2mica para eventos<span class=\"ez-toc-section-end\"><\/span><\/h2>\n\n\n<div class=\"wp-block-image\">\n<figure class=\"aligncenter size-full is-resized\"><img loading=\"lazy\" decoding=\"async\" width=\"1000\" height=\"692\" src=\"https:\/\/www.dexpo.com.br\/blog\/wp-content\/uploads\/2024\/04\/1961.jpg\" alt=\"Estandes para eventos: as melhores solu\u00e7\u00f5es para sua empresa\" class=\"wp-image-90\" style=\"width:478px;height:auto\" srcset=\"https:\/\/www.dexpo.com.br\/blog\/wp-content\/uploads\/2024\/04\/1961.jpg 1000w, https:\/\/www.dexpo.com.br\/blog\/wp-content\/uploads\/2024\/04\/1961-300x208.jpg 300w, https:\/\/www.dexpo.com.br\/blog\/wp-content\/uploads\/2024\/04\/1961-768x531.jpg 768w, https:\/\/www.dexpo.com.br\/blog\/wp-content\/uploads\/2024\/04\/1961-87x60.jpg 87w\" sizes=\"auto, (max-width: 1000px) 100vw, 1000px\" \/><\/figure>\n<\/div>\n\n\n<p>Os stands pantogr\u00e1ficos s\u00e3o a escolha ideal para empresas que frequentam m\u00faltiplos eventos durante o ano.&nbsp;<\/p>\n\n\n\n<p>Essa op\u00e7\u00e3o destaca-se pela facilidade de montagem, que pode ser realizada em apenas 15 minutos por uma \u00fanica pessoa, e pela praticidade de transporte, seja em um carro ou mesmo como bagagem de m\u00e3o em voos.&nbsp;<\/p>\n\n\n\n<p>As imagens dos estandes para eventos s\u00e3o de alta qualidade, impressas com resolu\u00e7\u00e3o fotogr\u00e1fica e protegidas por um filme de lamina\u00e7\u00e3o fosco, que minimiza reflexos.\u00a0<\/p>\n\n\n\n<p>Al\u00e9m disso, a fixa\u00e7\u00e3o magn\u00e9tica polarizada assegura que os pain\u00e9is fiquem alinhados e firmes.&nbsp;<\/p>\n\n\n\n<p>Com v\u00e1rias configura\u00e7\u00f5es poss\u00edveis, os stands pantogr\u00e1ficos s\u00e3o uma solu\u00e7\u00e3o vers\u00e1til e eficaz.<\/p>\n\n\n\n<ul class=\"wp-block-list\">\n<li><a href=\"https:\/\/www.dexpo.com.br\/blog\/prateleira-portatil-a-solucao-perfeita-para-expositores-e-eventos\/\">Prateleira port\u00e1til: a solu\u00e7\u00e3o perfeita para expositores e eventos<\/a><\/li>\n<\/ul>\n\n\n\n<h2 class=\"wp-block-heading\"><span class=\"ez-toc-section\" id=\"Paineis_modulares_uma_especialidade_Dexpo\"><\/span>Pain\u00e9is modulares: uma especialidade Dexpo<span class=\"ez-toc-section-end\"><\/span><\/h2>\n\n\n\n<p>Quando falamos em pain\u00e9is modulares, a Dexpo \u00e9 uma refer\u00eancia incontest\u00e1vel.&nbsp;<\/p>\n\n\n\n<p>Com uma trajet\u00f3ria pautada pela excel\u00eancia e inova\u00e7\u00e3o, a empresa se posiciona como l\u00edder na fabrica\u00e7\u00e3o desses componentes, criando estandes para eventos e ambientes de exposi\u00e7\u00e3o memor\u00e1veis.\u00a0<\/p>\n\n\n\n<p>Os pain\u00e9is modulares s\u00e3o extremamente vers\u00e1teis, adaptando-se a uma diversidade de espa\u00e7os e configura\u00e7\u00f5es, o que permite uma personaliza\u00e7\u00e3o completa conforme as demandas e objetivos de cada expositor.<\/p>\n\n\n\n<ul class=\"wp-block-list\">\n<li><a href=\"https:\/\/www.dexpo.com.br\/blog\/quais-as-principais-ferramentas-para-comunicacao-em-pdv\/\">Quais as principais ferramentas para comunica\u00e7\u00e3o em PDV?<\/a><\/li>\n<\/ul>\n\n\n\n<h2 class=\"wp-block-heading\"><span class=\"ez-toc-section\" id=\"Porta_banners_praticidade_e_eficiencia\"><\/span>Porta banners: praticidade e efici\u00eancia<span class=\"ez-toc-section-end\"><\/span><\/h2>\n\n\n\n<p>A Dexpo oferece seis linhas de porta banners que combinam excelente custo-benef\u00edcio com total praticidade.&nbsp;<\/p>\n\n\n\n<p>Esses elementos s\u00e3o ideais para qualquer evento, gra\u00e7as \u00e0 sua portabilidade, montagem instant\u00e2nea e design autossustent\u00e1vel.&nbsp;<\/p>\n\n\n\n<p>Leves e resistentes, os porta banners s\u00e3o transportados facilmente e est\u00e3o dispon\u00edveis em modelos de face simples, dupla ou tipo &#8220;p\u00f4ster&#8221;, impressos em tecido ou lona.<\/p>\n\n\n\n<ul class=\"wp-block-list\">\n<li><a href=\"https:\/\/www.dexpo.com.br\/blog\/dexpo-a-sua-parceira-para-montagem-de-eventos-em-hoteis\/\">Dexpo: a sua parceira para montagem de eventos em hot\u00e9is<\/a><\/li>\n<\/ul>\n\n\n\n<h2 class=\"wp-block-heading\"><span class=\"ez-toc-section\" id=\"Balcoes_versatilidade_para_todo_tipo_de_evento\"><\/span>Balc\u00f5es: versatilidade para todo tipo de evento<span class=\"ez-toc-section-end\"><\/span><\/h2>\n\n\n\n<h3 class=\"wp-block-heading\"><span class=\"ez-toc-section\" id=\"Balcao_pantografico\"><\/span>Balc\u00e3o pantogr\u00e1fico<span class=\"ez-toc-section-end\"><\/span><\/h3>\n\n\n\n<p>O balc\u00e3o promocional BPAn \u00e9 perfeito para pontos de venda, oferecendo uma solu\u00e7\u00e3o leve, vers\u00e1til e f\u00e1cil de montar.&nbsp;<\/p>\n\n\n\n<p>Com seu sistema pantogr\u00e1fico, ocupa m\u00ednimo espa\u00e7o, ideal para locais com limita\u00e7\u00f5es f\u00edsicas.<\/p>\n\n\n\n<h3 class=\"wp-block-heading\"><span class=\"ez-toc-section\" id=\"Balcao_dobravel\"><\/span>Balc\u00e3o dobr\u00e1vel<span class=\"ez-toc-section-end\"><\/span><\/h3>\n\n\n\n<p>Este balc\u00e3o \u00e9 ideal para criar um ambiente elegante e s\u00f3brio em exposi\u00e7\u00f5es e eventos.&nbsp;<\/p>\n\n\n\n<p>Com revestimento em carpete, permite a fixa\u00e7\u00e3o de logotipos via velcro, facilitando a personaliza\u00e7\u00e3o. A montagem \u00e9 imediata e a estrutura pode ser facilmente transportada.<\/p>\n\n\n\n<h3 class=\"wp-block-heading\"><span class=\"ez-toc-section\" id=\"Balcao_PMP\"><\/span>Balc\u00e3o PMP<span class=\"ez-toc-section-end\"><\/span><\/h3>\n\n\n\n<p>Destacando-se pelo excelente custo-benef\u00edcio, o balc\u00e3o PMP \u00e9 f\u00e1cil de montar e transportar.&nbsp;<\/p>\n\n\n\n<p>Com imagens em lona fixadas por velcro, oferece flexibilidade em tamanhos e aplica\u00e7\u00f5es, atendendo a diversas necessidades.<\/p>\n\n\n\n<ul class=\"wp-block-list\">\n<li><a href=\"https:\/\/www.dexpo.com.br\/blog\/backdrop-em-eventos-melhore-a-visibilidade-da-sua-marca\/\">Backdrop em eventos: melhore a visibilidade da sua marca<\/a><\/li>\n<\/ul>\n\n\n\n<h2 class=\"wp-block-heading\"><span class=\"ez-toc-section\" id=\"Prateleiras_flexibilidade_e_design_em_destaque\"><\/span>Prateleiras: flexibilidade e design em destaque<span class=\"ez-toc-section-end\"><\/span><\/h2>\n\n\n\n<p>As prateleiras da <a href=\"https:\/\/www.dexpo.com.br\/\">Dexpo<\/a> s\u00e3o totalmente port\u00e1teis e mont\u00e1veis em instantes, sem necessidade de ferramentas.&nbsp;<\/p>\n\n\n\n<p>Com diversas configura\u00e7\u00f5es e tamanhos dispon\u00edveis, permitem a aplica\u00e7\u00e3o de imagens, personalizando ainda mais o espa\u00e7o.<\/p>\n\n\n\n<ul class=\"wp-block-list\">\n<li><a href=\"https:\/\/www.dexpo.com.br\/blog\/por-que-sua-empresa-precisa-de-um-porta-banner\/\">Por que sua empresa precisa de um porta banner?<\/a><\/li>\n<\/ul>\n\n\n\n<h2 class=\"wp-block-heading\"><span class=\"ez-toc-section\" id=\"Dexpo_excelencia_em_estandes_para_eventos\"><\/span>Dexpo: excel\u00eancia em estandes para eventos<span class=\"ez-toc-section-end\"><\/span><\/h2>\n\n\n\n<p>A escolha do estande certo \u00e9 crucial para o sucesso de qualquer evento.&nbsp;<\/p>\n\n\n\n<p>As solu\u00e7\u00f5es oferecidas pela <a href=\"https:\/\/www.dexpo.com.br\/\">Dexpo<\/a>, desde stands pantogr\u00e1ficos a balc\u00f5es e prateleiras, garantem n\u00e3o apenas praticidade e versatilidade, mas tamb\u00e9m uma apresenta\u00e7\u00e3o de alto impacto.&nbsp;<\/p>\n\n\n\n<p>Visite o <a href=\"https:\/\/www.dexpo.com.br\/\">site da Dexpo<\/a> e confira todas as op\u00e7\u00f5es dispon\u00edveis para fazer de seu pr\u00f3ximo evento um verdadeiro sucesso.&nbsp;<\/p>\n\n\n\n<p>N\u00e3o perca a chance de impressionar e engajar seu p\u00fablico com estandes que destacam sua marca!<\/p>\n\n\n\n<p>Para mais informa\u00e7\u00f5es e aquisi\u00e7\u00e3o dos produtos mencionados, <a href=\"https:\/\/www.dexpo.com.br\/contato\/\">entre em contato com a Dexpo<\/a>, onde qualidade e inova\u00e7\u00e3o se encontram para elevar seu evento ao pr\u00f3ximo n\u00edvel.<\/p>\n","protected":false},"excerpt":{"rendered":"<p><span class=\"span-reading-time rt-reading-time\" style=\"display: block;\"><span class=\"rt-label rt-prefix\">Tempo de leitura:<\/span> <span class=\"rt-time\"> 4<\/span> <span class=\"rt-label rt-postfix\">minutos<\/span><\/span>Descubra os melhores estandes para eventos, suas especificidades e principais benef\u00edcios com a Dexpo. No competitivo mundo das feiras e eventos, a escolha do estande certo pode fazer toda a diferen\u00e7a.&nbsp; Com tantas op\u00e7\u00f5es dispon\u00edveis, pode ser desafiador decidir qual se adapta melhor \u00e0s suas necessidades.&nbsp; Neste artigo, exploraremos algumas das melhores op\u00e7\u00f5es de estandes &hellip; <\/p>\n","protected":false},"author":1,"featured_media":89,"comment_status":"open","ping_status":"open","sticky":false,"template":"","format":"standard","meta":{"_lmt_disableupdate":"no","_lmt_disable":"","footnotes":""},"categories":[59,320,473,183,1108,3,84,194],"tags":[1226,1230,1223,1224,1222,1219,1221,1231,1232,1225,1228,1227,1215,1220,1217,1229,1216,1218,1280,1262,1244,1298,1334,1316,1284,1266,1248,1302,1338,1320,1277,1259,1241,1295,1331,1313,1278,1260,1242,1296,1332,1314,1276,1258,1240,1294,1330,1312,1273,1255,1237,1291,1327,1309,1275,1257,1239,1293,1329,1311,1285,1267,1249,1303,1339,1321,1286,1268,1250,1304,1340,1322,1279,1261,1243,1297,1333,1315,1282,1264,1246,1300,1336,1318,1281,1263,1245,1299,1335,1317,1269,1251,1233,1287,1323,1305,1274,1256,1238,1292,1328,1310,1271,1253,1235,1289,1325,1307,1283,1265,1247,1301,1337,1319,1270,1252,1234,1288,1324,1306,1208,1212,1205,1206,1204,1202,1213,1214,1207,1210,1209,1198,1203,1200,1211,1199,1201,1272,1254,1236,1290,1326,1308],"class_list":["post-88","post","type-post","status-publish","format-standard","has-post-thumbnail","hentry","category-backdrop-em-eventos","category-balcao-pantografico","category-banners","category-montagem-de-eventos","category-paineis-modulares","category-painel-pantografico","category-porta-banner","category-prateleira-portatil","tag-comprar-estandes-corporativos","tag-comprar-estandes-criativos","tag-comprar-estandes-de-exposicao","tag-comprar-estandes-inovadores","tag-comprar-estandes-interativos","tag-comprar-estandes-modulares","tag-comprar-estandes-para-conferencias","tag-comprar-estandes-para-convencoes","tag-comprar-estandes-para-eventos","tag-comprar-estandes-para-exposicoes","tag-comprar-estandes-para-lancamentos","tag-comprar-estandes-para-seminarios","tag-comprar-estandes-personalizados","tag-comprar-estandes-portateis","tag-comprar-estandes-promocionais","tag-comprar-estandes-sustentaveis","tag-comprar-locacao-de-estandes","tag-comprar-stands-para-feiras","tag-estandes-corporativos-em-osasco","tag-estandes-corporativos-em-sao-paulo","tag-estandes-corporativos-em-sp","tag-estandes-corporativos-na-vila-yara","tag-estandes-corporativos-na-zona-sul","tag-estandes-corporativos-no-jaguare","tag-estandes-criativos-em-osasco","tag-estandes-criativos-em-sao-paulo","tag-estandes-criativos-em-sp","tag-estandes-criativos-na-vila-yara","tag-estandes-criativos-na-zona-sul","tag-estandes-criativos-no-jaguare","tag-estandes-de-exposicao-em-osasco","tag-estandes-de-exposicao-em-sao-paulo","tag-estandes-de-exposicao-em-sp","tag-estandes-de-exposicao-na-vila-yara","tag-estandes-de-exposicao-na-zona-sul","tag-estandes-de-exposicao-no-jaguare","tag-estandes-inovadores-em-osasco","tag-estandes-inovadores-em-sao-paulo","tag-estandes-inovadores-em-sp","tag-estandes-inovadores-na-vila-yara","tag-estandes-inovadores-na-zona-sul","tag-estandes-inovadores-no-jaguare","tag-estandes-interativos-em-osasco","tag-estandes-interativos-em-sao-paulo","tag-estandes-interativos-em-sp","tag-estandes-interativos-na-vila-yara","tag-estandes-interativos-na-zona-sul","tag-estandes-interativos-no-jaguare","tag-estandes-modulares-em-osasco","tag-estandes-modulares-em-sao-paulo","tag-estandes-modulares-em-sp","tag-estandes-modulares-na-vila-yara","tag-estandes-modulares-na-zona-sul","tag-estandes-modulares-no-jaguare","tag-estandes-para-conferencias-em-osasco","tag-estandes-para-conferencias-em-sao-paulo","tag-estandes-para-conferencias-em-sp","tag-estandes-para-conferencias-na-vila-yara","tag-estandes-para-conferencias-na-zona-sul","tag-estandes-para-conferencias-no-jaguare","tag-estandes-para-convencoes-em-osasco","tag-estandes-para-convencoes-em-sao-paulo","tag-estandes-para-convencoes-em-sp","tag-estandes-para-convencoes-na-vila-yara","tag-estandes-para-convencoes-na-zona-sul","tag-estandes-para-convencoes-no-jaguare","tag-estandes-para-eventos-em-osasco","tag-estandes-para-eventos-em-sao-paulo","tag-estandes-para-eventos-em-sp","tag-estandes-para-eventos-na-vila-yara","tag-estandes-para-eventos-na-zona-sul","tag-estandes-para-eventos-no-jaguare","tag-estandes-para-exposicoes-em-osasco","tag-estandes-para-exposicoes-em-sao-paulo","tag-estandes-para-exposicoes-em-sp","tag-estandes-para-exposicoes-na-vila-yara","tag-estandes-para-exposicoes-na-zona-sul","tag-estandes-para-exposicoes-no-jaguare","tag-estandes-para-lancamentos-em-osasco","tag-estandes-para-lancamentos-em-sao-paulo","tag-estandes-para-lancamentos-em-sp","tag-estandes-para-lancamentos-na-vila-yara","tag-estandes-para-lancamentos-na-zona-sul","tag-estandes-para-lancamentos-no-jaguare","tag-estandes-para-seminarios-em-osasco","tag-estandes-para-seminarios-em-sao-paulo","tag-estandes-para-seminarios-em-sp","tag-estandes-para-seminarios-na-vila-yara","tag-estandes-para-seminarios-na-zona-sul","tag-estandes-para-seminarios-no-jaguare","tag-estandes-personalizados-em-osasco","tag-estandes-personalizados-em-sao-paulo","tag-estandes-personalizados-em-sp","tag-estandes-personalizados-na-vila-yara","tag-estandes-personalizados-na-zona-sul","tag-estandes-personalizados-no-jaguare","tag-estandes-portateis-em-osasco","tag-estandes-portateis-em-sao-paulo","tag-estandes-portateis-em-sp","tag-estandes-portateis-na-vila-yara","tag-estandes-portateis-na-zona-sul","tag-estandes-portateis-no-jaguare","tag-estandes-promocionais-em-osasco","tag-estandes-promocionais-em-sao-paulo","tag-estandes-promocionais-em-sp","tag-estandes-promocionais-na-vila-yara","tag-estandes-promocionais-na-zona-sul","tag-estandes-promocionais-no-jaguare","tag-estandes-sustentaveis-em-osasco","tag-estandes-sustentaveis-em-sao-paulo","tag-estandes-sustentaveis-em-sp","tag-estandes-sustentaveis-na-vila-yara","tag-estandes-sustentaveis-na-zona-sul","tag-estandes-sustentaveis-no-jaguare","tag-locacao-de-estandes-em-osasco","tag-locacao-de-estandes-em-sao-paulo","tag-locacao-de-estandes-em-sp","tag-locacao-de-estandes-na-vila-yara","tag-locacao-de-estandes-na-zona-sul","tag-locacao-de-estandes-no-jaguare","tag-onde-encontrar-estandes-corporativos","tag-onde-encontrar-estandes-criativos","tag-onde-encontrar-estandes-de-exposicao","tag-onde-encontrar-estandes-inovadores","tag-onde-encontrar-estandes-interativos","tag-onde-encontrar-estandes-modulares","tag-onde-encontrar-estandes-para-convencoes","tag-onde-encontrar-estandes-para-eventos","tag-onde-encontrar-estandes-para-exposicoes","tag-onde-encontrar-estandes-para-lancamentos","tag-onde-encontrar-estandes-para-seminarios","tag-onde-encontrar-estandes-personalizados","tag-onde-encontrar-estandes-portateis","tag-onde-encontrar-estandes-promocionais","tag-onde-encontrar-estandes-sustentaveis","tag-onde-encontrar-locacao-de-estandes","tag-onde-encontrar-stands-para-feiras","tag-stands-para-feiras-em-osasco","tag-stands-para-feiras-em-sao-paulo","tag-stands-para-feiras-em-sp","tag-stands-para-feiras-na-vila-yara","tag-stands-para-feiras-na-zona-sul","tag-stands-para-feiras-no-jaguare","latest_post"],"yoast_head":"<!-- This site is optimized with the Yoast SEO plugin v25.5 - https:\/\/yoast.com\/wordpress\/plugins\/seo\/ -->\n<title>Estandes para eventos: as melhores solu\u00e7\u00f5es para sua empresa - Blog<\/title>\n<meta name=\"description\" content=\"No artigo de hoje, descubra os melhores estandes para eventos, suas especificidades e principais benef\u00edcios com a Dexpo.\" \/>\n<meta name=\"robots\" content=\"index, follow, max-snippet:-1, max-image-preview:large, max-video-preview:-1\" \/>\n<link rel=\"canonical\" href=\"https:\/\/www.dexpo.com.br\/blog\/estandes-para-eventos-as-melhores-solucoes-para-sua-empresa\/\" \/>\n<meta property=\"og:locale\" content=\"pt_BR\" \/>\n<meta property=\"og:type\" content=\"article\" \/>\n<meta property=\"og:title\" content=\"Estandes para eventos: as melhores solu\u00e7\u00f5es para sua empresa - Blog\" \/>\n<meta property=\"og:description\" content=\"No artigo de hoje, descubra os melhores estandes para eventos, suas especificidades e principais benef\u00edcios com a Dexpo.\" \/>\n<meta property=\"og:url\" content=\"https:\/\/www.dexpo.com.br\/blog\/estandes-para-eventos-as-melhores-solucoes-para-sua-empresa\/\" \/>\n<meta property=\"og:site_name\" content=\"Blog\" \/>\n<meta property=\"article:published_time\" content=\"2024-11-28T13:21:07+00:00\" \/>\n<meta property=\"article:modified_time\" content=\"2024-11-29T02:33:33+00:00\" \/>\n<meta property=\"og:image\" content=\"https:\/\/www.dexpo.com.br\/blog\/wp-content\/uploads\/2024\/04\/2149333680.jpg\" \/>\n\t<meta property=\"og:image:width\" content=\"1000\" \/>\n\t<meta property=\"og:image:height\" content=\"667\" \/>\n\t<meta property=\"og:image:type\" content=\"image\/jpeg\" \/>\n<meta name=\"author\" content=\"admin\" \/>\n<meta name=\"twitter:card\" content=\"summary_large_image\" \/>\n<meta name=\"twitter:label1\" content=\"Escrito por\" \/>\n\t<meta name=\"twitter:data1\" content=\"admin\" \/>\n\t<meta name=\"twitter:label2\" content=\"Est. tempo de leitura\" \/>\n\t<meta name=\"twitter:data2\" content=\"4 minutos\" \/>\n<script type=\"application\/ld+json\" class=\"yoast-schema-graph\">{\"@context\":\"https:\/\/schema.org\",\"@graph\":[{\"@type\":\"Article\",\"@id\":\"https:\/\/www.dexpo.com.br\/blog\/estandes-para-eventos-as-melhores-solucoes-para-sua-empresa\/#article\",\"isPartOf\":{\"@id\":\"https:\/\/www.dexpo.com.br\/blog\/estandes-para-eventos-as-melhores-solucoes-para-sua-empresa\/\"},\"author\":{\"name\":\"admin\",\"@id\":\"https:\/\/www.dexpo.com.br\/blog\/#\/schema\/person\/6d0a8f9ebbccf41c1478cada680f3e87\"},\"headline\":\"Estandes para eventos: as melhores solu\u00e7\u00f5es para sua empresa\",\"datePublished\":\"2024-11-28T13:21:07+00:00\",\"dateModified\":\"2024-11-29T02:33:33+00:00\",\"mainEntityOfPage\":{\"@id\":\"https:\/\/www.dexpo.com.br\/blog\/estandes-para-eventos-as-melhores-solucoes-para-sua-empresa\/\"},\"wordCount\":754,\"commentCount\":0,\"publisher\":{\"@id\":\"https:\/\/www.dexpo.com.br\/blog\/#organization\"},\"image\":{\"@id\":\"https:\/\/www.dexpo.com.br\/blog\/estandes-para-eventos-as-melhores-solucoes-para-sua-empresa\/#primaryimage\"},\"thumbnailUrl\":\"https:\/\/www.dexpo.com.br\/blog\/wp-content\/uploads\/2024\/04\/2149333680.jpg\",\"keywords\":[\"comprar Estandes corporativos\",\"comprar Estandes criativos\",\"comprar Estandes de exposi\u00e7\u00e3o\",\"comprar Estandes inovadores\",\"comprar Estandes interativos\",\"comprar Estandes modulares\",\"comprar Estandes para confer\u00eancias\",\"comprar Estandes para conven\u00e7\u00f5es\",\"comprar estandes para eventos\",\"comprar Estandes para exposi\u00e7\u00f5es\",\"comprar Estandes para lan\u00e7amentos\",\"comprar Estandes para semin\u00e1rios\",\"comprar Estandes personalizados\",\"comprar Estandes port\u00e1teis\",\"comprar Estandes promocionais\",\"comprar Estandes sustent\u00e1veis\",\"comprar Loca\u00e7\u00e3o de estandes\",\"comprar Stands para feiras\",\"Estandes corporativos em Osasco\",\"Estandes corporativos em s\u00e3o paulo\",\"Estandes corporativos em sp\",\"Estandes corporativos na Vila Yara\",\"Estandes corporativos na zona sul\",\"Estandes corporativos no Jaguar\u00e9\",\"Estandes criativos em Osasco\",\"Estandes criativos em s\u00e3o paulo\",\"Estandes criativos em sp\",\"Estandes criativos na Vila Yara\",\"Estandes criativos na zona sul\",\"Estandes criativos no Jaguar\u00e9\",\"Estandes de exposi\u00e7\u00e3o em Osasco\",\"Estandes de exposi\u00e7\u00e3o em s\u00e3o paulo\",\"Estandes de exposi\u00e7\u00e3o em sp\",\"Estandes de exposi\u00e7\u00e3o na Vila Yara\",\"Estandes de exposi\u00e7\u00e3o na zona sul\",\"Estandes de exposi\u00e7\u00e3o no Jaguar\u00e9\",\"Estandes inovadores em Osasco\",\"Estandes inovadores em s\u00e3o paulo\",\"Estandes inovadores em sp\",\"Estandes inovadores na Vila Yara\",\"Estandes inovadores na zona sul\",\"Estandes inovadores no Jaguar\u00e9\",\"Estandes interativos em Osasco\",\"Estandes interativos em s\u00e3o paulo\",\"Estandes interativos em sp\",\"Estandes interativos na Vila Yara\",\"Estandes interativos na zona sul\",\"Estandes interativos no Jaguar\u00e9\",\"Estandes modulares em Osasco\",\"Estandes modulares em s\u00e3o paulo\",\"Estandes modulares em sp\",\"Estandes modulares na Vila Yara\",\"Estandes modulares na zona sul\",\"Estandes modulares no Jaguar\u00e9\",\"Estandes para confer\u00eancias em Osasco\",\"Estandes para confer\u00eancias em s\u00e3o paulo\",\"Estandes para confer\u00eancias em sp\",\"Estandes para confer\u00eancias na Vila Yara\",\"Estandes para confer\u00eancias na zona sul\",\"Estandes para confer\u00eancias no Jaguar\u00e9\",\"Estandes para conven\u00e7\u00f5es em Osasco\",\"Estandes para conven\u00e7\u00f5es em s\u00e3o paulo\",\"Estandes para conven\u00e7\u00f5es em sp\",\"Estandes para conven\u00e7\u00f5es na Vila Yara\",\"Estandes para conven\u00e7\u00f5es na zona sul\",\"Estandes para conven\u00e7\u00f5es no Jaguar\u00e9\",\"estandes para eventos em Osasco\",\"estandes para eventos em s\u00e3o paulo\",\"estandes para eventos em sp\",\"estandes para eventos na Vila Yara\",\"estandes para eventos na zona sul\",\"estandes para eventos no Jaguar\u00e9\",\"Estandes para exposi\u00e7\u00f5es em Osasco\",\"Estandes para exposi\u00e7\u00f5es em s\u00e3o paulo\",\"Estandes para exposi\u00e7\u00f5es em sp\",\"Estandes para exposi\u00e7\u00f5es na Vila Yara\",\"Estandes para exposi\u00e7\u00f5es na zona sul\",\"Estandes para exposi\u00e7\u00f5es no Jaguar\u00e9\",\"Estandes para lan\u00e7amentos em Osasco\",\"Estandes para lan\u00e7amentos em s\u00e3o paulo\",\"Estandes para lan\u00e7amentos em sp\",\"Estandes para lan\u00e7amentos na Vila Yara\",\"Estandes para lan\u00e7amentos na zona sul\",\"Estandes para lan\u00e7amentos no Jaguar\u00e9\",\"Estandes para semin\u00e1rios em Osasco\",\"Estandes para semin\u00e1rios em s\u00e3o paulo\",\"Estandes para semin\u00e1rios em sp\",\"Estandes para semin\u00e1rios na Vila Yara\",\"Estandes para semin\u00e1rios na zona sul\",\"Estandes para semin\u00e1rios no Jaguar\u00e9\",\"Estandes personalizados em Osasco\",\"Estandes personalizados em s\u00e3o paulo\",\"Estandes personalizados em sp\",\"Estandes personalizados na Vila Yara\",\"Estandes personalizados na zona sul\",\"Estandes personalizados no Jaguar\u00e9\",\"Estandes port\u00e1teis em Osasco\",\"Estandes port\u00e1teis em s\u00e3o paulo\",\"Estandes port\u00e1teis em sp\",\"Estandes port\u00e1teis na Vila Yara\",\"Estandes port\u00e1teis na zona sul\",\"Estandes port\u00e1teis no Jaguar\u00e9\",\"Estandes promocionais em Osasco\",\"Estandes promocionais em s\u00e3o paulo\",\"Estandes promocionais em sp\",\"Estandes promocionais na Vila Yara\",\"Estandes promocionais na zona sul\",\"Estandes promocionais no Jaguar\u00e9\",\"Estandes sustent\u00e1veis em Osasco\",\"Estandes sustent\u00e1veis em s\u00e3o paulo\",\"Estandes sustent\u00e1veis em sp\",\"Estandes sustent\u00e1veis na Vila Yara\",\"Estandes sustent\u00e1veis na zona sul\",\"Estandes sustent\u00e1veis no Jaguar\u00e9\",\"Loca\u00e7\u00e3o de estandes em Osasco\",\"Loca\u00e7\u00e3o de estandes em s\u00e3o paulo\",\"Loca\u00e7\u00e3o de estandes em sp\",\"Loca\u00e7\u00e3o de estandes na Vila Yara\",\"Loca\u00e7\u00e3o de estandes na zona sul\",\"Loca\u00e7\u00e3o de estandes no Jaguar\u00e9\",\"onde encontrar Estandes corporativos\",\"onde encontrar Estandes criativos\",\"onde encontrar Estandes de exposi\u00e7\u00e3o\",\"onde encontrar Estandes inovadores\",\"onde encontrar Estandes interativos\",\"onde encontrar Estandes modulares\",\"onde encontrar Estandes para conven\u00e7\u00f5es\",\"onde encontrar estandes para eventos\",\"onde encontrar Estandes para exposi\u00e7\u00f5es\",\"onde encontrar Estandes para lan\u00e7amentos\",\"onde encontrar Estandes para semin\u00e1rios\",\"onde encontrar Estandes personalizados\",\"onde encontrar Estandes port\u00e1teis\",\"onde encontrar Estandes promocionais\",\"onde encontrar Estandes sustent\u00e1veis\",\"onde encontrar Loca\u00e7\u00e3o de estandes\",\"onde encontrar Stands para feiras\",\"Stands para feiras em Osasco\",\"Stands para feiras em s\u00e3o paulo\",\"Stands para feiras em sp\",\"Stands para feiras na Vila Yara\",\"Stands para feiras na zona sul\",\"Stands para feiras no Jaguar\u00e9\"],\"articleSection\":[\"Backdrop em eventos\",\"balc\u00e3o pantogr\u00e1fico\",\"banners\",\"montagem de eventos\",\"paineis modulares\",\"painel pantogr\u00e1fico\",\"porta banner\",\"Prateleira port\u00e1til\"],\"inLanguage\":\"pt-BR\",\"potentialAction\":[{\"@type\":\"CommentAction\",\"name\":\"Comment\",\"target\":[\"https:\/\/www.dexpo.com.br\/blog\/estandes-para-eventos-as-melhores-solucoes-para-sua-empresa\/#respond\"]}]},{\"@type\":\"WebPage\",\"@id\":\"https:\/\/www.dexpo.com.br\/blog\/estandes-para-eventos-as-melhores-solucoes-para-sua-empresa\/\",\"url\":\"https:\/\/www.dexpo.com.br\/blog\/estandes-para-eventos-as-melhores-solucoes-para-sua-empresa\/\",\"name\":\"Estandes para eventos: as melhores solu\u00e7\u00f5es para sua empresa - Blog\",\"isPartOf\":{\"@id\":\"https:\/\/www.dexpo.com.br\/blog\/#website\"},\"primaryImageOfPage\":{\"@id\":\"https:\/\/www.dexpo.com.br\/blog\/estandes-para-eventos-as-melhores-solucoes-para-sua-empresa\/#primaryimage\"},\"image\":{\"@id\":\"https:\/\/www.dexpo.com.br\/blog\/estandes-para-eventos-as-melhores-solucoes-para-sua-empresa\/#primaryimage\"},\"thumbnailUrl\":\"https:\/\/www.dexpo.com.br\/blog\/wp-content\/uploads\/2024\/04\/2149333680.jpg\",\"datePublished\":\"2024-11-28T13:21:07+00:00\",\"dateModified\":\"2024-11-29T02:33:33+00:00\",\"description\":\"No artigo de hoje, descubra os melhores estandes para eventos, suas especificidades e principais benef\u00edcios com a Dexpo.\",\"breadcrumb\":{\"@id\":\"https:\/\/www.dexpo.com.br\/blog\/estandes-para-eventos-as-melhores-solucoes-para-sua-empresa\/#breadcrumb\"},\"inLanguage\":\"pt-BR\",\"potentialAction\":[{\"@type\":\"ReadAction\",\"target\":[\"https:\/\/www.dexpo.com.br\/blog\/estandes-para-eventos-as-melhores-solucoes-para-sua-empresa\/\"]}]},{\"@type\":\"ImageObject\",\"inLanguage\":\"pt-BR\",\"@id\":\"https:\/\/www.dexpo.com.br\/blog\/estandes-para-eventos-as-melhores-solucoes-para-sua-empresa\/#primaryimage\",\"url\":\"https:\/\/www.dexpo.com.br\/blog\/wp-content\/uploads\/2024\/04\/2149333680.jpg\",\"contentUrl\":\"https:\/\/www.dexpo.com.br\/blog\/wp-content\/uploads\/2024\/04\/2149333680.jpg\",\"width\":1000,\"height\":667,\"caption\":\"Saiba mais sobre os eventos corporativos organizados pela Dexpo\"},{\"@type\":\"BreadcrumbList\",\"@id\":\"https:\/\/www.dexpo.com.br\/blog\/estandes-para-eventos-as-melhores-solucoes-para-sua-empresa\/#breadcrumb\",\"itemListElement\":[{\"@type\":\"ListItem\",\"position\":1,\"name\":\"In\u00edcio\",\"item\":\"https:\/\/www.dexpo.com.br\/blog\/\"},{\"@type\":\"ListItem\",\"position\":2,\"name\":\"Estandes para eventos: as melhores solu\u00e7\u00f5es para sua empresa\"}]},{\"@type\":\"WebSite\",\"@id\":\"https:\/\/www.dexpo.com.br\/blog\/#website\",\"url\":\"https:\/\/www.dexpo.com.br\/blog\/\",\"name\":\"Blog\",\"description\":\"Dexpo - Displays e Expositores Portateis\",\"publisher\":{\"@id\":\"https:\/\/www.dexpo.com.br\/blog\/#organization\"},\"potentialAction\":[{\"@type\":\"SearchAction\",\"target\":{\"@type\":\"EntryPoint\",\"urlTemplate\":\"https:\/\/www.dexpo.com.br\/blog\/?s={search_term_string}\"},\"query-input\":{\"@type\":\"PropertyValueSpecification\",\"valueRequired\":true,\"valueName\":\"search_term_string\"}}],\"inLanguage\":\"pt-BR\"},{\"@type\":\"Organization\",\"@id\":\"https:\/\/www.dexpo.com.br\/blog\/#organization\",\"name\":\"Blog\",\"url\":\"https:\/\/www.dexpo.com.br\/blog\/\",\"logo\":{\"@type\":\"ImageObject\",\"inLanguage\":\"pt-BR\",\"@id\":\"https:\/\/www.dexpo.com.br\/blog\/#\/schema\/logo\/image\/\",\"url\":\"https:\/\/www.dexpo.com.br\/blog\/wp-content\/uploads\/2024\/02\/logo-7.png\",\"contentUrl\":\"https:\/\/www.dexpo.com.br\/blog\/wp-content\/uploads\/2024\/02\/logo-7.png\",\"width\":412,\"height\":259,\"caption\":\"Blog\"},\"image\":{\"@id\":\"https:\/\/www.dexpo.com.br\/blog\/#\/schema\/logo\/image\/\"}},{\"@type\":\"Person\",\"@id\":\"https:\/\/www.dexpo.com.br\/blog\/#\/schema\/person\/6d0a8f9ebbccf41c1478cada680f3e87\",\"name\":\"admin\",\"image\":{\"@type\":\"ImageObject\",\"inLanguage\":\"pt-BR\",\"@id\":\"https:\/\/www.dexpo.com.br\/blog\/#\/schema\/person\/image\/\",\"url\":\"https:\/\/secure.gravatar.com\/avatar\/94d94992e5dcccff24919365b24c228f2dc818bb6650ab086de97177901f17db?s=96&d=mm&r=g\",\"contentUrl\":\"https:\/\/secure.gravatar.com\/avatar\/94d94992e5dcccff24919365b24c228f2dc818bb6650ab086de97177901f17db?s=96&d=mm&r=g\",\"caption\":\"admin\"},\"sameAs\":[\"https:\/\/www.dexpo.com.br\/blog\"],\"url\":\"https:\/\/www.dexpo.com.br\/blog\/author\/admin\/\"}]}<\/script>\n<!-- \/ Yoast SEO plugin. -->","yoast_head_json":{"title":"Estandes para eventos: as melhores solu\u00e7\u00f5es para sua empresa - Blog","description":"No artigo de hoje, descubra os melhores estandes para eventos, suas especificidades e principais benef\u00edcios com a Dexpo.","robots":{"index":"index","follow":"follow","max-snippet":"max-snippet:-1","max-image-preview":"max-image-preview:large","max-video-preview":"max-video-preview:-1"},"canonical":"https:\/\/www.dexpo.com.br\/blog\/estandes-para-eventos-as-melhores-solucoes-para-sua-empresa\/","og_locale":"pt_BR","og_type":"article","og_title":"Estandes para eventos: as melhores solu\u00e7\u00f5es para sua empresa - Blog","og_description":"No artigo de hoje, descubra os melhores estandes para eventos, suas especificidades e principais benef\u00edcios com a Dexpo.","og_url":"https:\/\/www.dexpo.com.br\/blog\/estandes-para-eventos-as-melhores-solucoes-para-sua-empresa\/","og_site_name":"Blog","article_published_time":"2024-11-28T13:21:07+00:00","article_modified_time":"2024-11-29T02:33:33+00:00","og_image":[{"width":1000,"height":667,"url":"https:\/\/www.dexpo.com.br\/blog\/wp-content\/uploads\/2024\/04\/2149333680.jpg","type":"image\/jpeg"}],"author":"admin","twitter_card":"summary_large_image","twitter_misc":{"Escrito por":"admin","Est. tempo de leitura":"4 minutos"},"schema":{"@context":"https:\/\/schema.org","@graph":[{"@type":"Article","@id":"https:\/\/www.dexpo.com.br\/blog\/estandes-para-eventos-as-melhores-solucoes-para-sua-empresa\/#article","isPartOf":{"@id":"https:\/\/www.dexpo.com.br\/blog\/estandes-para-eventos-as-melhores-solucoes-para-sua-empresa\/"},"author":{"name":"admin","@id":"https:\/\/www.dexpo.com.br\/blog\/#\/schema\/person\/6d0a8f9ebbccf41c1478cada680f3e87"},"headline":"Estandes para eventos: as melhores solu\u00e7\u00f5es para sua empresa","datePublished":"2024-11-28T13:21:07+00:00","dateModified":"2024-11-29T02:33:33+00:00","mainEntityOfPage":{"@id":"https:\/\/www.dexpo.com.br\/blog\/estandes-para-eventos-as-melhores-solucoes-para-sua-empresa\/"},"wordCount":754,"commentCount":0,"publisher":{"@id":"https:\/\/www.dexpo.com.br\/blog\/#organization"},"image":{"@id":"https:\/\/www.dexpo.com.br\/blog\/estandes-para-eventos-as-melhores-solucoes-para-sua-empresa\/#primaryimage"},"thumbnailUrl":"https:\/\/www.dexpo.com.br\/blog\/wp-content\/uploads\/2024\/04\/2149333680.jpg","keywords":["comprar Estandes corporativos","comprar Estandes criativos","comprar Estandes de exposi\u00e7\u00e3o","comprar Estandes inovadores","comprar Estandes interativos","comprar Estandes modulares","comprar Estandes para confer\u00eancias","comprar Estandes para conven\u00e7\u00f5es","comprar estandes para eventos","comprar Estandes para exposi\u00e7\u00f5es","comprar Estandes para lan\u00e7amentos","comprar Estandes para semin\u00e1rios","comprar Estandes personalizados","comprar Estandes port\u00e1teis","comprar Estandes promocionais","comprar Estandes sustent\u00e1veis","comprar Loca\u00e7\u00e3o de estandes","comprar Stands para feiras","Estandes corporativos em Osasco","Estandes corporativos em s\u00e3o paulo","Estandes corporativos em sp","Estandes corporativos na Vila Yara","Estandes corporativos na zona sul","Estandes corporativos no Jaguar\u00e9","Estandes criativos em Osasco","Estandes criativos em s\u00e3o paulo","Estandes criativos em sp","Estandes criativos na Vila Yara","Estandes criativos na zona sul","Estandes criativos no Jaguar\u00e9","Estandes de exposi\u00e7\u00e3o em Osasco","Estandes de exposi\u00e7\u00e3o em s\u00e3o paulo","Estandes de exposi\u00e7\u00e3o em sp","Estandes de exposi\u00e7\u00e3o na Vila Yara","Estandes de exposi\u00e7\u00e3o na zona sul","Estandes de exposi\u00e7\u00e3o no Jaguar\u00e9","Estandes inovadores em Osasco","Estandes inovadores em s\u00e3o paulo","Estandes inovadores em sp","Estandes inovadores na Vila Yara","Estandes inovadores na zona sul","Estandes inovadores no Jaguar\u00e9","Estandes interativos em Osasco","Estandes interativos em s\u00e3o paulo","Estandes interativos em sp","Estandes interativos na Vila Yara","Estandes interativos na zona sul","Estandes interativos no Jaguar\u00e9","Estandes modulares em Osasco","Estandes modulares em s\u00e3o paulo","Estandes modulares em sp","Estandes modulares na Vila Yara","Estandes modulares na zona sul","Estandes modulares no Jaguar\u00e9","Estandes para confer\u00eancias em Osasco","Estandes para confer\u00eancias em s\u00e3o paulo","Estandes para confer\u00eancias em sp","Estandes para confer\u00eancias na Vila Yara","Estandes para confer\u00eancias na zona sul","Estandes para confer\u00eancias no Jaguar\u00e9","Estandes para conven\u00e7\u00f5es em Osasco","Estandes para conven\u00e7\u00f5es em s\u00e3o paulo","Estandes para conven\u00e7\u00f5es em sp","Estandes para conven\u00e7\u00f5es na Vila Yara","Estandes para conven\u00e7\u00f5es na zona sul","Estandes para conven\u00e7\u00f5es no Jaguar\u00e9","estandes para eventos em Osasco","estandes para eventos em s\u00e3o paulo","estandes para eventos em sp","estandes para eventos na Vila Yara","estandes para eventos na zona sul","estandes para eventos no Jaguar\u00e9","Estandes para exposi\u00e7\u00f5es em Osasco","Estandes para exposi\u00e7\u00f5es em s\u00e3o paulo","Estandes para exposi\u00e7\u00f5es em sp","Estandes para exposi\u00e7\u00f5es na Vila Yara","Estandes para exposi\u00e7\u00f5es na zona sul","Estandes para exposi\u00e7\u00f5es no Jaguar\u00e9","Estandes para lan\u00e7amentos em Osasco","Estandes para lan\u00e7amentos em s\u00e3o paulo","Estandes para lan\u00e7amentos em sp","Estandes para lan\u00e7amentos na Vila Yara","Estandes para lan\u00e7amentos na zona sul","Estandes para lan\u00e7amentos no Jaguar\u00e9","Estandes para semin\u00e1rios em Osasco","Estandes para semin\u00e1rios em s\u00e3o paulo","Estandes para semin\u00e1rios em sp","Estandes para semin\u00e1rios na Vila Yara","Estandes para semin\u00e1rios na zona sul","Estandes para semin\u00e1rios no Jaguar\u00e9","Estandes personalizados em Osasco","Estandes personalizados em s\u00e3o paulo","Estandes personalizados em sp","Estandes personalizados na Vila Yara","Estandes personalizados na zona sul","Estandes personalizados no Jaguar\u00e9","Estandes port\u00e1teis em Osasco","Estandes port\u00e1teis em s\u00e3o paulo","Estandes port\u00e1teis em sp","Estandes port\u00e1teis na Vila Yara","Estandes port\u00e1teis na zona sul","Estandes port\u00e1teis no Jaguar\u00e9","Estandes promocionais em Osasco","Estandes promocionais em s\u00e3o paulo","Estandes promocionais em sp","Estandes promocionais na Vila Yara","Estandes promocionais na zona sul","Estandes promocionais no Jaguar\u00e9","Estandes sustent\u00e1veis em Osasco","Estandes sustent\u00e1veis em s\u00e3o paulo","Estandes sustent\u00e1veis em sp","Estandes sustent\u00e1veis na Vila Yara","Estandes sustent\u00e1veis na zona sul","Estandes sustent\u00e1veis no Jaguar\u00e9","Loca\u00e7\u00e3o de estandes em Osasco","Loca\u00e7\u00e3o de estandes em s\u00e3o paulo","Loca\u00e7\u00e3o de estandes em sp","Loca\u00e7\u00e3o de estandes na Vila Yara","Loca\u00e7\u00e3o de estandes na zona sul","Loca\u00e7\u00e3o de estandes no Jaguar\u00e9","onde encontrar Estandes corporativos","onde encontrar Estandes criativos","onde encontrar Estandes de exposi\u00e7\u00e3o","onde encontrar Estandes inovadores","onde encontrar Estandes interativos","onde encontrar Estandes modulares","onde encontrar Estandes para conven\u00e7\u00f5es","onde encontrar estandes para eventos","onde encontrar Estandes para exposi\u00e7\u00f5es","onde encontrar Estandes para lan\u00e7amentos","onde encontrar Estandes para semin\u00e1rios","onde encontrar Estandes personalizados","onde encontrar Estandes port\u00e1teis","onde encontrar Estandes promocionais","onde encontrar Estandes sustent\u00e1veis","onde encontrar Loca\u00e7\u00e3o de estandes","onde encontrar Stands para feiras","Stands para feiras em Osasco","Stands para feiras em s\u00e3o paulo","Stands para feiras em sp","Stands para feiras na Vila Yara","Stands para feiras na zona sul","Stands para feiras no Jaguar\u00e9"],"articleSection":["Backdrop em eventos","balc\u00e3o pantogr\u00e1fico","banners","montagem de eventos","paineis modulares","painel pantogr\u00e1fico","porta banner","Prateleira port\u00e1til"],"inLanguage":"pt-BR","potentialAction":[{"@type":"CommentAction","name":"Comment","target":["https:\/\/www.dexpo.com.br\/blog\/estandes-para-eventos-as-melhores-solucoes-para-sua-empresa\/#respond"]}]},{"@type":"WebPage","@id":"https:\/\/www.dexpo.com.br\/blog\/estandes-para-eventos-as-melhores-solucoes-para-sua-empresa\/","url":"https:\/\/www.dexpo.com.br\/blog\/estandes-para-eventos-as-melhores-solucoes-para-sua-empresa\/","name":"Estandes para eventos: as melhores solu\u00e7\u00f5es para sua empresa - Blog","isPartOf":{"@id":"https:\/\/www.dexpo.com.br\/blog\/#website"},"primaryImageOfPage":{"@id":"https:\/\/www.dexpo.com.br\/blog\/estandes-para-eventos-as-melhores-solucoes-para-sua-empresa\/#primaryimage"},"image":{"@id":"https:\/\/www.dexpo.com.br\/blog\/estandes-para-eventos-as-melhores-solucoes-para-sua-empresa\/#primaryimage"},"thumbnailUrl":"https:\/\/www.dexpo.com.br\/blog\/wp-content\/uploads\/2024\/04\/2149333680.jpg","datePublished":"2024-11-28T13:21:07+00:00","dateModified":"2024-11-29T02:33:33+00:00","description":"No artigo de hoje, descubra os melhores estandes para eventos, suas especificidades e principais benef\u00edcios com a Dexpo.","breadcrumb":{"@id":"https:\/\/www.dexpo.com.br\/blog\/estandes-para-eventos-as-melhores-solucoes-para-sua-empresa\/#breadcrumb"},"inLanguage":"pt-BR","potentialAction":[{"@type":"ReadAction","target":["https:\/\/www.dexpo.com.br\/blog\/estandes-para-eventos-as-melhores-solucoes-para-sua-empresa\/"]}]},{"@type":"ImageObject","inLanguage":"pt-BR","@id":"https:\/\/www.dexpo.com.br\/blog\/estandes-para-eventos-as-melhores-solucoes-para-sua-empresa\/#primaryimage","url":"https:\/\/www.dexpo.com.br\/blog\/wp-content\/uploads\/2024\/04\/2149333680.jpg","contentUrl":"https:\/\/www.dexpo.com.br\/blog\/wp-content\/uploads\/2024\/04\/2149333680.jpg","width":1000,"height":667,"caption":"Saiba mais sobre os eventos corporativos organizados pela Dexpo"},{"@type":"BreadcrumbList","@id":"https:\/\/www.dexpo.com.br\/blog\/estandes-para-eventos-as-melhores-solucoes-para-sua-empresa\/#breadcrumb","itemListElement":[{"@type":"ListItem","position":1,"name":"In\u00edcio","item":"https:\/\/www.dexpo.com.br\/blog\/"},{"@type":"ListItem","position":2,"name":"Estandes para eventos: as melhores solu\u00e7\u00f5es para sua empresa"}]},{"@type":"WebSite","@id":"https:\/\/www.dexpo.com.br\/blog\/#website","url":"https:\/\/www.dexpo.com.br\/blog\/","name":"Blog","description":"Dexpo - Displays e Expositores Portateis","publisher":{"@id":"https:\/\/www.dexpo.com.br\/blog\/#organization"},"potentialAction":[{"@type":"SearchAction","target":{"@type":"EntryPoint","urlTemplate":"https:\/\/www.dexpo.com.br\/blog\/?s={search_term_string}"},"query-input":{"@type":"PropertyValueSpecification","valueRequired":true,"valueName":"search_term_string"}}],"inLanguage":"pt-BR"},{"@type":"Organization","@id":"https:\/\/www.dexpo.com.br\/blog\/#organization","name":"Blog","url":"https:\/\/www.dexpo.com.br\/blog\/","logo":{"@type":"ImageObject","inLanguage":"pt-BR","@id":"https:\/\/www.dexpo.com.br\/blog\/#\/schema\/logo\/image\/","url":"https:\/\/www.dexpo.com.br\/blog\/wp-content\/uploads\/2024\/02\/logo-7.png","contentUrl":"https:\/\/www.dexpo.com.br\/blog\/wp-content\/uploads\/2024\/02\/logo-7.png","width":412,"height":259,"caption":"Blog"},"image":{"@id":"https:\/\/www.dexpo.com.br\/blog\/#\/schema\/logo\/image\/"}},{"@type":"Person","@id":"https:\/\/www.dexpo.com.br\/blog\/#\/schema\/person\/6d0a8f9ebbccf41c1478cada680f3e87","name":"admin","image":{"@type":"ImageObject","inLanguage":"pt-BR","@id":"https:\/\/www.dexpo.com.br\/blog\/#\/schema\/person\/image\/","url":"https:\/\/secure.gravatar.com\/avatar\/94d94992e5dcccff24919365b24c228f2dc818bb6650ab086de97177901f17db?s=96&d=mm&r=g","contentUrl":"https:\/\/secure.gravatar.com\/avatar\/94d94992e5dcccff24919365b24c228f2dc818bb6650ab086de97177901f17db?s=96&d=mm&r=g","caption":"admin"},"sameAs":["https:\/\/www.dexpo.com.br\/blog"],"url":"https:\/\/www.dexpo.com.br\/blog\/author\/admin\/"}]}},"modified_by":"admin","_links":{"self":[{"href":"https:\/\/www.dexpo.com.br\/blog\/wp-json\/wp\/v2\/posts\/88","targetHints":{"allow":["GET"]}}],"collection":[{"href":"https:\/\/www.dexpo.com.br\/blog\/wp-json\/wp\/v2\/posts"}],"about":[{"href":"https:\/\/www.dexpo.com.br\/blog\/wp-json\/wp\/v2\/types\/post"}],"author":[{"embeddable":true,"href":"https:\/\/www.dexpo.com.br\/blog\/wp-json\/wp\/v2\/users\/1"}],"replies":[{"embeddable":true,"href":"https:\/\/www.dexpo.com.br\/blog\/wp-json\/wp\/v2\/comments?post=88"}],"version-history":[{"count":1,"href":"https:\/\/www.dexpo.com.br\/blog\/wp-json\/wp\/v2\/posts\/88\/revisions"}],"predecessor-version":[{"id":91,"href":"https:\/\/www.dexpo.com.br\/blog\/wp-json\/wp\/v2\/posts\/88\/revisions\/91"}],"wp:featuredmedia":[{"embeddable":true,"href":"https:\/\/www.dexpo.com.br\/blog\/wp-json\/wp\/v2\/media\/89"}],"wp:attachment":[{"href":"https:\/\/www.dexpo.com.br\/blog\/wp-json\/wp\/v2\/media?parent=88"}],"wp:term":[{"taxonomy":"category","embeddable":true,"href":"https:\/\/www.dexpo.com.br\/blog\/wp-json\/wp\/v2\/categories?post=88"},{"taxonomy":"post_tag","embeddable":true,"href":"https:\/\/www.dexpo.com.br\/blog\/wp-json\/wp\/v2\/tags?post=88"}],"curies":[{"name":"wp","href":"https:\/\/api.w.org\/{rel}","templated":true}]}}